{"id":14587,"date":"2020-07-30T12:55:10","date_gmt":"2020-07-30T10:55:10","guid":{"rendered":"http:\/\/www.fragadis.es\/?p=14587"},"modified":"2024-10-08T18:44:21","modified_gmt":"2024-10-08T16:44:21","slug":"reapertura-spar-tortosa","status":"publish","type":"post","link":"https:\/\/www.fragadis.es\/es\/reapertura-spar-tortosa\/","title":{"rendered":"Reapertura de SPAR en Tortosa: continuamos con la modernizaci\u00f3n de tiendas"},"content":{"rendered":"<p><div class=\"fusion-fullwidth fullwidth-box fusion-builder-row-1 nonhundred-percent-fullwidth non-hundred-percent-height-scrolling\" style=\"--awb-border-radius-top-left:0px;--awb-border-radius-top-right:0px;--awb-border-radius-bottom-right:0px;--awb-border-radius-bottom-left:0px;--awb-flex-wrap:wrap;\" ><div class=\"fusion-builder-row fusion-row\"><div class=\"fusion-layout-column fusion_builder_column fusion-builder-column-0 fusion_builder_column_1_1 1_1 fusion-one-full fusion-column-first fusion-column-last\" style=\"--awb-bg-size:cover;\"><div class=\"fusion-column-wrapper fusion-flex-column-wrapper-legacy\"><div class=\"fusion-title title fusion-title-1 fusion-title-text fusion-title-size-one\" style=\"--awb-margin-top-small:10px;--awb-margin-right-small:0px;--awb-margin-bottom-small:10px;--awb-margin-left-small:0px;--awb-sep-color:#fffcfc;\"><h1 class=\"fusion-title-heading title-heading-left fusion-responsive-typography-calculated\" style=\"margin:0;--fontSize:33;line-height:1.45;\">Reapertura de SPAR en Tortosa: continuamos con la modernizaci\u00f3n de tiendas<\/h1><span class=\"awb-title-spacer\"><\/span><div class=\"title-sep-container\"><div class=\"title-sep sep-double sep-solid\" style=\"border-color:#fffcfc;\"><\/div><\/div><\/div><div class=\"fusion-section-separator section-separator triangle fusion-section-separator-1\" style=\"--awb-border-bottom:1px solid #8bc34a;--awb-spacer-height:1px;--awb-svg-margin-left:0;--awb-svg-margin-right:0;--awb-icon-color:#ffffff;\"><div class=\"fusion-section-separator-svg\"><div class=\"divider-candy-arrow bottom\" style=\"top:0px;border-top-color: #8bc34a;\"><\/div><div class=\"divider-candy bottom\" style=\"bottom:-21px;border-bottom:1px solid #8bc34a;border-left:1px solid #8bc34a;\"><\/div><\/div><div class=\"fusion-section-separator-spacer\"><div class=\"fusion-section-separator-spacer-height\"><\/div><\/div><\/div><div class=\"fusion-sep-clear\"><\/div><div class=\"fusion-separator fusion-full-width-sep\" style=\"margin-left: auto;margin-right: auto;margin-top:10px;margin-bottom:10px;width:100%;\"><div class=\"fusion-separator-border sep-double\" style=\"--awb-height:20px;--awb-amount:20px;--awb-sep-color:#fffcfc;border-color:#fffcfc;border-top-width:1px;border-bottom-width:1px;\"><\/div><\/div><div class=\"fusion-sep-clear\"><\/div><div class=\"fusion-clearfix\"><\/div><\/div><\/div><\/div><\/div><div class=\"fusion-fullwidth fullwidth-box fusion-builder-row-2 nonhundred-percent-fullwidth non-hundred-percent-height-scrolling\" style=\"--awb-border-radius-top-left:0px;--awb-border-radius-top-right:0px;--awb-border-radius-bottom-right:0px;--awb-border-radius-bottom-left:0px;--awb-flex-wrap:wrap;\" ><div class=\"fusion-builder-row fusion-row\"><div class=\"fusion-layout-column fusion_builder_column fusion-builder-column-1 fusion_builder_column_1_1 1_1 fusion-one-full fusion-column-first fusion-column-last\" style=\"--awb-bg-size:cover;--awb-margin-bottom:0px;\"><div class=\"fusion-column-wrapper fusion-flex-column-wrapper-legacy\"><div class=\"fusion-text fusion-text-1\"><p>En Fragadis reabrimos nuestro supermercado <strong>SPAR<\/strong> en Tortosa, la capital de la comarca del Bajo Ebro. El establecimiento est\u00e1 ubicado en la esquina de las calles Tarragona y Alcany\u00eds y volver\u00e1 a abrir sus puertas el 30 de julio con un equipo de 10 personas.<\/p>\n<p>La nueva tienda contar\u00e1 con una amplia oferta de productos frescos y de proximidad, distribuidos en las secciones de fruter\u00eda, panader\u00eda, carnicer\u00eda, charcuter\u00eda y pescader\u00eda. Estas tres \u00faltimas atendidas y asistidas por nuestro equipo. Paralelamente a esta oferta de productos, en el establecimiento tambi\u00e9n se podr\u00e1 hallar un gran surtido de primeras marcas y productos de nuestra insignia <strong>SPAR<\/strong>.<\/p>\n<p>El horario de atenci\u00f3n ser\u00e1 de 09:00 a 21:30 h de lunes a s\u00e1bado, una franja ampliada cuyo objetivo principal es incrementar comodidad de los vecinos de la localidad. Cabe mencionar que nuestra red de establecimientos modernizados seguir\u00e1 apostando por pol\u00edticas sostenibles como, por ejemplo, la utilizaci\u00f3n de iluminaci\u00f3n LED de bajo consumo, implementaci\u00f3n de pol\u00edticas de eficiencia energ\u00e9tica y disposici\u00f3n de un surtido de materiales reutilizables a disposici\u00f3n de los clientes, entre muchas otras cosas.<\/p>\n<p>Por otro lado, seguimos con el firme compromiso de mejorar la experiencia de compra de los clientes en cada una de las reaperturas, as\u00ed como aprovechar para contribuir en el \u00edndice de empleabilidad de la localidad.<\/p>\n<\/div><div class=\"fusion-clearfix\"><\/div><\/div><\/div><\/div><\/div><div class=\"fusion-fullwidth fullwidth-box fusion-builder-row-3 nonhundred-percent-fullwidth non-hundred-percent-height-scrolling\" style=\"--awb-border-radius-top-left:0px;--awb-border-radius-top-right:0px;--awb-border-radius-bottom-right:0px;--awb-border-radius-bottom-left:0px;--awb-flex-wrap:wrap;\" ><div class=\"fusion-builder-row fusion-row\"><div class=\"fusion-layout-column fusion_builder_column fusion-builder-column-2 fusion_builder_column_1_3 1_3 fusion-one-third fusion-column-first\" style=\"--awb-bg-size:cover;width:33.333333333333%;width:calc(33.333333333333% - ( ( 4% + 4% ) * 0.33333333333333 ) );margin-right: 4%;\"><div class=\"fusion-column-wrapper fusion-flex-column-wrapper-legacy\"><div class=\"fusion-image-element in-legacy-container\" style=\"--awb-caption-title-font-family:var(--h2_typography-font-family);--awb-caption-title-font-weight:var(--h2_typography-font-weight);--awb-caption-title-font-style:var(--h2_typography-font-style);--awb-caption-title-size:var(--h2_typography-font-size);--awb-caption-title-transform:var(--h2_typography-text-transform);--awb-caption-title-line-height:var(--h2_typography-line-height);--awb-caption-title-letter-spacing:var(--h2_typography-letter-spacing);\"><span class=\" fusion-imageframe imageframe-none imageframe-1 hover-type-none\"><img decoding=\"async\" width=\"850\" height=\"638\" alt=\"Secci\u00f3n fruta\" title=\"FRUTA-186_TORTOSA-2020\" src=\"https:\/\/www.fragadis.es\/wp-content\/uploads\/2020\/07\/FRUTA-186_TORTOSA-2020.jpg\" data-orig-src=\"https:\/\/www.fragadis.es\/wp-content\/uploads\/2020\/07\/FRUTA-186_TORTOSA-2020.jpg\" class=\"lazyload img-responsive wp-image-22689\" srcset=\"data:image\/svg+xml,%3Csvg%20xmlns%3D%27http%3A%2F%2Fwww.w3.org%2F2000%2Fsvg%27%20width%3D%27850%27%20height%3D%27638%27%20viewBox%3D%270%200%20850%20638%27%3E%3Crect%20width%3D%27850%27%20height%3D%27638%27%20fill-opacity%3D%220%22%2F%3E%3C%2Fsvg%3E\" data-srcset=\"https:\/\/www.fragadis.es\/wp-content\/uploads\/2020\/07\/FRUTA-186_TORTOSA-2020-200x150.jpg 200w, https:\/\/www.fragadis.es\/wp-content\/uploads\/2020\/07\/FRUTA-186_TORTOSA-2020-400x300.jpg 400w, https:\/\/www.fragadis.es\/wp-content\/uploads\/2020\/07\/FRUTA-186_TORTOSA-2020-600x450.jpg 600w, https:\/\/www.fragadis.es\/wp-content\/uploads\/2020\/07\/FRUTA-186_TORTOSA-2020-800x600.jpg 800w, https:\/\/www.fragadis.es\/wp-content\/uploads\/2020\/07\/FRUTA-186_TORTOSA-2020.jpg 850w\" data-sizes=\"auto\" data-orig-sizes=\"(max-width: 800px) 100vw, 400px\" \/><\/span><\/div><div class=\"fusion-clearfix\"><\/div><\/div><\/div><div class=\"fusion-layout-column fusion_builder_column fusion-builder-column-3 fusion_builder_column_1_3 1_3 fusion-one-third\" style=\"--awb-bg-size:cover;width:33.333333333333%;width:calc(33.333333333333% - ( ( 4% + 4% ) * 0.33333333333333 ) );margin-right: 4%;\"><div class=\"fusion-column-wrapper fusion-flex-column-wrapper-legacy\"><div class=\"fusion-image-element in-legacy-container\" style=\"--awb-caption-title-font-family:var(--h2_typography-font-family);--awb-caption-title-font-weight:var(--h2_typography-font-weight);--awb-caption-title-font-style:var(--h2_typography-font-style);--awb-caption-title-size:var(--h2_typography-font-size);--awb-caption-title-transform:var(--h2_typography-text-transform);--awb-caption-title-line-height:var(--h2_typography-line-height);--awb-caption-title-letter-spacing:var(--h2_typography-letter-spacing);\"><span class=\" fusion-imageframe imageframe-none imageframe-2 hover-type-none\"><img decoding=\"async\" width=\"850\" height=\"638\" alt=\"Secci\u00f3n refrigerados\" title=\"PESCADO-186_TORTOSA-2020\" src=\"https:\/\/www.fragadis.es\/wp-content\/uploads\/2020\/07\/PESCADO-186_TORTOSA-2020.jpg\" data-orig-src=\"https:\/\/www.fragadis.es\/wp-content\/uploads\/2020\/07\/PESCADO-186_TORTOSA-2020.jpg\" class=\"lazyload img-responsive wp-image-22691\" srcset=\"data:image\/svg+xml,%3Csvg%20xmlns%3D%27http%3A%2F%2Fwww.w3.org%2F2000%2Fsvg%27%20width%3D%27850%27%20height%3D%27638%27%20viewBox%3D%270%200%20850%20638%27%3E%3Crect%20width%3D%27850%27%20height%3D%27638%27%20fill-opacity%3D%220%22%2F%3E%3C%2Fsvg%3E\" data-srcset=\"https:\/\/www.fragadis.es\/wp-content\/uploads\/2020\/07\/PESCADO-186_TORTOSA-2020-200x150.jpg 200w, https:\/\/www.fragadis.es\/wp-content\/uploads\/2020\/07\/PESCADO-186_TORTOSA-2020-400x300.jpg 400w, https:\/\/www.fragadis.es\/wp-content\/uploads\/2020\/07\/PESCADO-186_TORTOSA-2020-600x450.jpg 600w, https:\/\/www.fragadis.es\/wp-content\/uploads\/2020\/07\/PESCADO-186_TORTOSA-2020-800x600.jpg 800w, https:\/\/www.fragadis.es\/wp-content\/uploads\/2020\/07\/PESCADO-186_TORTOSA-2020.jpg 850w\" data-sizes=\"auto\" data-orig-sizes=\"(max-width: 800px) 100vw, 400px\" \/><\/span><\/div><div class=\"fusion-clearfix\"><\/div><\/div><\/div><div class=\"fusion-layout-column fusion_builder_column fusion-builder-column-4 fusion_builder_column_1_3 1_3 fusion-one-third fusion-column-last\" style=\"--awb-bg-size:cover;width:33.333333333333%;width:calc(33.333333333333% - ( ( 4% + 4% ) * 0.33333333333333 ) );\"><div class=\"fusion-column-wrapper fusion-flex-column-wrapper-legacy\"><div class=\"fusion-image-element in-legacy-container\" style=\"--awb-caption-title-font-family:var(--h2_typography-font-family);--awb-caption-title-font-weight:var(--h2_typography-font-weight);--awb-caption-title-font-style:var(--h2_typography-font-style);--awb-caption-title-size:var(--h2_typography-font-size);--awb-caption-title-transform:var(--h2_typography-text-transform);--awb-caption-title-line-height:var(--h2_typography-line-height);--awb-caption-title-letter-spacing:var(--h2_typography-letter-spacing);\"><span class=\" fusion-imageframe imageframe-none imageframe-3 hover-type-none\"><img decoding=\"async\" width=\"850\" height=\"638\" alt=\"Pasillos\" title=\"SECCION-186_TORTOSA-2020\" src=\"https:\/\/www.fragadis.es\/wp-content\/uploads\/2020\/07\/SECCION-186_TORTOSA-2020.jpg\" data-orig-src=\"https:\/\/www.fragadis.es\/wp-content\/uploads\/2020\/07\/SECCION-186_TORTOSA-2020.jpg\" class=\"lazyload img-responsive wp-image-22693\" srcset=\"data:image\/svg+xml,%3Csvg%20xmlns%3D%27http%3A%2F%2Fwww.w3.org%2F2000%2Fsvg%27%20width%3D%27850%27%20height%3D%27638%27%20viewBox%3D%270%200%20850%20638%27%3E%3Crect%20width%3D%27850%27%20height%3D%27638%27%20fill-opacity%3D%220%22%2F%3E%3C%2Fsvg%3E\" data-srcset=\"https:\/\/www.fragadis.es\/wp-content\/uploads\/2020\/07\/SECCION-186_TORTOSA-2020-200x150.jpg 200w, https:\/\/www.fragadis.es\/wp-content\/uploads\/2020\/07\/SECCION-186_TORTOSA-2020-400x300.jpg 400w, https:\/\/www.fragadis.es\/wp-content\/uploads\/2020\/07\/SECCION-186_TORTOSA-2020-600x450.jpg 600w, https:\/\/www.fragadis.es\/wp-content\/uploads\/2020\/07\/SECCION-186_TORTOSA-2020-800x600.jpg 800w, https:\/\/www.fragadis.es\/wp-content\/uploads\/2020\/07\/SECCION-186_TORTOSA-2020.jpg 850w\" data-sizes=\"auto\" data-orig-sizes=\"(max-width: 800px) 100vw, 400px\" \/><\/span><\/div><div class=\"fusion-clearfix\"><\/div><\/div><\/div><\/div><\/div><\/p>\n","protected":false},"excerpt":{"rendered":"","protected":false},"author":3,"featured_media":22695,"comment_status":"open","ping_status":"open","sticky":false,"template":"","format":"standard","meta":{"footnotes":""},"categories":[75],"tags":[152,164,166,165],"class_list":["post-14587","post","type-post","status-publish","format-standard","has-post-thumbnail","hentry","category-noticias","tag-nuevosupermercado","tag-spartortosa","tag-supermercadoentortosa","tag-supermercadotortosa"],"yoast_head":"<!-- This site is optimized with the Yoast SEO Premium plugin v28.2 (Yoast SEO v28.2) - https:\/\/yoast.com\/product\/yoast-seo-premium-wordpress\/ -->\n<title>Reapertura de SPAR en Tortosa: continuamos con la modernizaci\u00f3n de tiendas - Fragadis<\/title>\n<meta name=\"robots\" content=\"index, follow, max-snippet:-1, max-image-preview:large, max-video-preview:-1\" \/>\n<link rel=\"canonical\" href=\"https:\/\/www.fragadis.es\/es\/reapertura-spar-tortosa\/\" \/>\n<meta property=\"og:locale\" content=\"es_ES\" \/>\n<meta property=\"og:type\" content=\"article\" \/>\n<meta property=\"og:title\" content=\"Reapertura de SPAR en Tortosa: continuamos con la modernizaci\u00f3n de tiendas\" \/>\n<meta property=\"og:url\" content=\"https:\/\/www.fragadis.es\/es\/reapertura-spar-tortosa\/\" \/>\n<meta property=\"og:site_name\" content=\"Fragadis\" \/>\n<meta property=\"article:publisher\" content=\"https:\/\/www.facebook.com\/Spar.Club.Fragadis\" \/>\n<meta property=\"article:published_time\" content=\"2020-07-30T10:55:10+00:00\" \/>\n<meta property=\"article:modified_time\" content=\"2024-10-08T16:44:21+00:00\" \/>\n<meta property=\"og:image\" content=\"https:\/\/www.fragadis.es\/wp-content\/uploads\/2020\/07\/FACHADA-186_TORTOSA-2020.jpg\" \/>\n\t<meta property=\"og:image:width\" content=\"850\" \/>\n\t<meta property=\"og:image:height\" content=\"638\" \/>\n\t<meta property=\"og:image:type\" content=\"image\/jpeg\" \/>\n<meta name=\"author\" content=\"Carlos\" \/>\n<meta name=\"twitter:card\" content=\"summary_large_image\" \/>\n<meta name=\"twitter:label1\" content=\"Escrito por\" \/>\n\t<meta name=\"twitter:data1\" content=\"Carlos\" \/>\n\t<meta name=\"twitter:label2\" content=\"Tiempo de lectura\" \/>\n\t<meta name=\"twitter:data2\" content=\"2 minutos\" \/>\n<script type=\"application\/ld+json\" class=\"yoast-schema-graph\">{\"@context\":\"https:\\\/\\\/schema.org\",\"@graph\":[{\"@type\":\"Article\",\"@id\":\"https:\\\/\\\/www.fragadis.es\\\/es\\\/reapertura-spar-tortosa\\\/#article\",\"isPartOf\":{\"@id\":\"https:\\\/\\\/www.fragadis.es\\\/es\\\/reapertura-spar-tortosa\\\/\"},\"author\":{\"name\":\"Carlos\",\"@id\":\"https:\\\/\\\/www.fragadis.es\\\/es\\\/#\\\/schema\\\/person\\\/a0bb30fea30f22f5621f437567dd3424\"},\"headline\":\"Reapertura de SPAR en Tortosa: continuamos con la modernizaci\u00f3n de tiendas\",\"datePublished\":\"2020-07-30T10:55:10+00:00\",\"dateModified\":\"2024-10-08T16:44:21+00:00\",\"mainEntityOfPage\":{\"@id\":\"https:\\\/\\\/www.fragadis.es\\\/es\\\/reapertura-spar-tortosa\\\/\"},\"wordCount\":1981,\"commentCount\":0,\"publisher\":{\"@id\":\"https:\\\/\\\/www.fragadis.es\\\/es\\\/#organization\"},\"image\":{\"@id\":\"https:\\\/\\\/www.fragadis.es\\\/es\\\/reapertura-spar-tortosa\\\/#primaryimage\"},\"thumbnailUrl\":\"https:\\\/\\\/www.fragadis.es\\\/wp-content\\\/uploads\\\/2020\\\/07\\\/FACHADA-186_TORTOSA-2020.jpg\",\"keywords\":[\"nuevosupermercado\",\"spartortosa\",\"supermercadoentortosa\",\"supermercadotortosa\"],\"articleSection\":[\"Noticias\"],\"inLanguage\":\"es\",\"potentialAction\":[{\"@type\":\"CommentAction\",\"name\":\"Comment\",\"target\":[\"https:\\\/\\\/www.fragadis.es\\\/es\\\/reapertura-spar-tortosa\\\/#respond\"]}]},{\"@type\":\"WebPage\",\"@id\":\"https:\\\/\\\/www.fragadis.es\\\/es\\\/reapertura-spar-tortosa\\\/\",\"url\":\"https:\\\/\\\/www.fragadis.es\\\/es\\\/reapertura-spar-tortosa\\\/\",\"name\":\"Reapertura de SPAR en Tortosa: continuamos con la modernizaci\u00f3n de tiendas - Fragadis\",\"isPartOf\":{\"@id\":\"https:\\\/\\\/www.fragadis.es\\\/es\\\/#website\"},\"primaryImageOfPage\":{\"@id\":\"https:\\\/\\\/www.fragadis.es\\\/es\\\/reapertura-spar-tortosa\\\/#primaryimage\"},\"image\":{\"@id\":\"https:\\\/\\\/www.fragadis.es\\\/es\\\/reapertura-spar-tortosa\\\/#primaryimage\"},\"thumbnailUrl\":\"https:\\\/\\\/www.fragadis.es\\\/wp-content\\\/uploads\\\/2020\\\/07\\\/FACHADA-186_TORTOSA-2020.jpg\",\"datePublished\":\"2020-07-30T10:55:10+00:00\",\"dateModified\":\"2024-10-08T16:44:21+00:00\",\"breadcrumb\":{\"@id\":\"https:\\\/\\\/www.fragadis.es\\\/es\\\/reapertura-spar-tortosa\\\/#breadcrumb\"},\"inLanguage\":\"es\",\"potentialAction\":[{\"@type\":\"ReadAction\",\"target\":[\"https:\\\/\\\/www.fragadis.es\\\/es\\\/reapertura-spar-tortosa\\\/\"]}]},{\"@type\":\"ImageObject\",\"inLanguage\":\"es\",\"@id\":\"https:\\\/\\\/www.fragadis.es\\\/es\\\/reapertura-spar-tortosa\\\/#primaryimage\",\"url\":\"https:\\\/\\\/www.fragadis.es\\\/wp-content\\\/uploads\\\/2020\\\/07\\\/FACHADA-186_TORTOSA-2020.jpg\",\"contentUrl\":\"https:\\\/\\\/www.fragadis.es\\\/wp-content\\\/uploads\\\/2020\\\/07\\\/FACHADA-186_TORTOSA-2020.jpg\",\"width\":850,\"height\":638,\"caption\":\"Fachada Tortosa\"},{\"@type\":\"BreadcrumbList\",\"@id\":\"https:\\\/\\\/www.fragadis.es\\\/es\\\/reapertura-spar-tortosa\\\/#breadcrumb\",\"itemListElement\":[{\"@type\":\"ListItem\",\"position\":1,\"name\":\"Home\",\"item\":\"https:\\\/\\\/www.fragadis.es\\\/es\\\/\"},{\"@type\":\"ListItem\",\"position\":2,\"name\":\"Reapertura de SPAR en Tortosa: continuamos con la modernizaci\u00f3n de tiendas\"}]},{\"@type\":\"WebSite\",\"@id\":\"https:\\\/\\\/www.fragadis.es\\\/es\\\/#website\",\"url\":\"https:\\\/\\\/www.fragadis.es\\\/es\\\/\",\"name\":\"Fragadis\",\"description\":\"Supermercados, con m\u00e1s de 180 tiendas en Catalu\u00f1a, Huesca, Castell\u00f3n, Valencia y Alicante\",\"publisher\":{\"@id\":\"https:\\\/\\\/www.fragadis.es\\\/es\\\/#organization\"},\"potentialAction\":[{\"@type\":\"SearchAction\",\"target\":{\"@type\":\"EntryPoint\",\"urlTemplate\":\"https:\\\/\\\/www.fragadis.es\\\/es\\\/?s={search_term_string}\"},\"query-input\":{\"@type\":\"PropertyValueSpecification\",\"valueRequired\":true,\"valueName\":\"search_term_string\"}}],\"inLanguage\":\"es\"},{\"@type\":\"Organization\",\"@id\":\"https:\\\/\\\/www.fragadis.es\\\/es\\\/#organization\",\"name\":\"Fragadis\",\"url\":\"https:\\\/\\\/www.fragadis.es\\\/es\\\/\",\"logo\":{\"@type\":\"ImageObject\",\"inLanguage\":\"es\",\"@id\":\"https:\\\/\\\/www.fragadis.es\\\/es\\\/#\\\/schema\\\/logo\\\/image\\\/\",\"url\":\"https:\\\/\\\/www.fragadis.es\\\/wp-content\\\/uploads\\\/2023\\\/07\\\/logo-fragadis.png\",\"contentUrl\":\"https:\\\/\\\/www.fragadis.es\\\/wp-content\\\/uploads\\\/2023\\\/07\\\/logo-fragadis.png\",\"width\":1435,\"height\":321,\"caption\":\"Fragadis\"},\"image\":{\"@id\":\"https:\\\/\\\/www.fragadis.es\\\/es\\\/#\\\/schema\\\/logo\\\/image\\\/\"},\"sameAs\":[\"https:\\\/\\\/www.facebook.com\\\/Spar.Club.Fragadis\",\"https:\\\/\\\/www.instagram.com\\\/spar.club.fragadis\\\/\"]},{\"@type\":\"Person\",\"@id\":\"https:\\\/\\\/www.fragadis.es\\\/es\\\/#\\\/schema\\\/person\\\/a0bb30fea30f22f5621f437567dd3424\",\"name\":\"Carlos\",\"image\":{\"@type\":\"ImageObject\",\"inLanguage\":\"es\",\"@id\":\"https:\\\/\\\/secure.gravatar.com\\\/avatar\\\/6baddd41ade89ab65d95aa3de3ed14e72de78345911d8ac5855fa083aa4f78e3?s=96&d=mm&r=g\",\"url\":\"https:\\\/\\\/secure.gravatar.com\\\/avatar\\\/6baddd41ade89ab65d95aa3de3ed14e72de78345911d8ac5855fa083aa4f78e3?s=96&d=mm&r=g\",\"contentUrl\":\"https:\\\/\\\/secure.gravatar.com\\\/avatar\\\/6baddd41ade89ab65d95aa3de3ed14e72de78345911d8ac5855fa083aa4f78e3?s=96&d=mm&r=g\",\"caption\":\"Carlos\"},\"url\":\"https:\\\/\\\/www.fragadis.es\\\/es\\\/author\\\/carlos\\\/\"}]}<\/script>\n<!-- \/ Yoast SEO Premium plugin. -->","yoast_head_json":{"title":"Reapertura de SPAR en Tortosa: continuamos con la modernizaci\u00f3n de tiendas - Fragadis","robots":{"index":"index","follow":"follow","max-snippet":"max-snippet:-1","max-image-preview":"max-image-preview:large","max-video-preview":"max-video-preview:-1"},"canonical":"https:\/\/www.fragadis.es\/es\/reapertura-spar-tortosa\/","og_locale":"es_ES","og_type":"article","og_title":"Reapertura de SPAR en Tortosa: continuamos con la modernizaci\u00f3n de tiendas","og_url":"https:\/\/www.fragadis.es\/es\/reapertura-spar-tortosa\/","og_site_name":"Fragadis","article_publisher":"https:\/\/www.facebook.com\/Spar.Club.Fragadis","article_published_time":"2020-07-30T10:55:10+00:00","article_modified_time":"2024-10-08T16:44:21+00:00","og_image":[{"width":850,"height":638,"url":"https:\/\/www.fragadis.es\/wp-content\/uploads\/2020\/07\/FACHADA-186_TORTOSA-2020.jpg","type":"image\/jpeg"}],"author":"Carlos","twitter_card":"summary_large_image","twitter_misc":{"Escrito por":"Carlos","Tiempo de lectura":"2 minutos"},"schema":{"@context":"https:\/\/schema.org","@graph":[{"@type":"Article","@id":"https:\/\/www.fragadis.es\/es\/reapertura-spar-tortosa\/#article","isPartOf":{"@id":"https:\/\/www.fragadis.es\/es\/reapertura-spar-tortosa\/"},"author":{"name":"Carlos","@id":"https:\/\/www.fragadis.es\/es\/#\/schema\/person\/a0bb30fea30f22f5621f437567dd3424"},"headline":"Reapertura de SPAR en Tortosa: continuamos con la modernizaci\u00f3n de tiendas","datePublished":"2020-07-30T10:55:10+00:00","dateModified":"2024-10-08T16:44:21+00:00","mainEntityOfPage":{"@id":"https:\/\/www.fragadis.es\/es\/reapertura-spar-tortosa\/"},"wordCount":1981,"commentCount":0,"publisher":{"@id":"https:\/\/www.fragadis.es\/es\/#organization"},"image":{"@id":"https:\/\/www.fragadis.es\/es\/reapertura-spar-tortosa\/#primaryimage"},"thumbnailUrl":"https:\/\/www.fragadis.es\/wp-content\/uploads\/2020\/07\/FACHADA-186_TORTOSA-2020.jpg","keywords":["nuevosupermercado","spartortosa","supermercadoentortosa","supermercadotortosa"],"articleSection":["Noticias"],"inLanguage":"es","potentialAction":[{"@type":"CommentAction","name":"Comment","target":["https:\/\/www.fragadis.es\/es\/reapertura-spar-tortosa\/#respond"]}]},{"@type":"WebPage","@id":"https:\/\/www.fragadis.es\/es\/reapertura-spar-tortosa\/","url":"https:\/\/www.fragadis.es\/es\/reapertura-spar-tortosa\/","name":"Reapertura de SPAR en Tortosa: continuamos con la modernizaci\u00f3n de tiendas - Fragadis","isPartOf":{"@id":"https:\/\/www.fragadis.es\/es\/#website"},"primaryImageOfPage":{"@id":"https:\/\/www.fragadis.es\/es\/reapertura-spar-tortosa\/#primaryimage"},"image":{"@id":"https:\/\/www.fragadis.es\/es\/reapertura-spar-tortosa\/#primaryimage"},"thumbnailUrl":"https:\/\/www.fragadis.es\/wp-content\/uploads\/2020\/07\/FACHADA-186_TORTOSA-2020.jpg","datePublished":"2020-07-30T10:55:10+00:00","dateModified":"2024-10-08T16:44:21+00:00","breadcrumb":{"@id":"https:\/\/www.fragadis.es\/es\/reapertura-spar-tortosa\/#breadcrumb"},"inLanguage":"es","potentialAction":[{"@type":"ReadAction","target":["https:\/\/www.fragadis.es\/es\/reapertura-spar-tortosa\/"]}]},{"@type":"ImageObject","inLanguage":"es","@id":"https:\/\/www.fragadis.es\/es\/reapertura-spar-tortosa\/#primaryimage","url":"https:\/\/www.fragadis.es\/wp-content\/uploads\/2020\/07\/FACHADA-186_TORTOSA-2020.jpg","contentUrl":"https:\/\/www.fragadis.es\/wp-content\/uploads\/2020\/07\/FACHADA-186_TORTOSA-2020.jpg","width":850,"height":638,"caption":"Fachada Tortosa"},{"@type":"BreadcrumbList","@id":"https:\/\/www.fragadis.es\/es\/reapertura-spar-tortosa\/#breadcrumb","itemListElement":[{"@type":"ListItem","position":1,"name":"Home","item":"https:\/\/www.fragadis.es\/es\/"},{"@type":"ListItem","position":2,"name":"Reapertura de SPAR en Tortosa: continuamos con la modernizaci\u00f3n de tiendas"}]},{"@type":"WebSite","@id":"https:\/\/www.fragadis.es\/es\/#website","url":"https:\/\/www.fragadis.es\/es\/","name":"Fragadis","description":"Supermercados, con m\u00e1s de 180 tiendas en Catalu\u00f1a, Huesca, Castell\u00f3n, Valencia y Alicante","publisher":{"@id":"https:\/\/www.fragadis.es\/es\/#organization"},"potentialAction":[{"@type":"SearchAction","target":{"@type":"EntryPoint","urlTemplate":"https:\/\/www.fragadis.es\/es\/?s={search_term_string}"},"query-input":{"@type":"PropertyValueSpecification","valueRequired":true,"valueName":"search_term_string"}}],"inLanguage":"es"},{"@type":"Organization","@id":"https:\/\/www.fragadis.es\/es\/#organization","name":"Fragadis","url":"https:\/\/www.fragadis.es\/es\/","logo":{"@type":"ImageObject","inLanguage":"es","@id":"https:\/\/www.fragadis.es\/es\/#\/schema\/logo\/image\/","url":"https:\/\/www.fragadis.es\/wp-content\/uploads\/2023\/07\/logo-fragadis.png","contentUrl":"https:\/\/www.fragadis.es\/wp-content\/uploads\/2023\/07\/logo-fragadis.png","width":1435,"height":321,"caption":"Fragadis"},"image":{"@id":"https:\/\/www.fragadis.es\/es\/#\/schema\/logo\/image\/"},"sameAs":["https:\/\/www.facebook.com\/Spar.Club.Fragadis","https:\/\/www.instagram.com\/spar.club.fragadis\/"]},{"@type":"Person","@id":"https:\/\/www.fragadis.es\/es\/#\/schema\/person\/a0bb30fea30f22f5621f437567dd3424","name":"Carlos","image":{"@type":"ImageObject","inLanguage":"es","@id":"https:\/\/secure.gravatar.com\/avatar\/6baddd41ade89ab65d95aa3de3ed14e72de78345911d8ac5855fa083aa4f78e3?s=96&d=mm&r=g","url":"https:\/\/secure.gravatar.com\/avatar\/6baddd41ade89ab65d95aa3de3ed14e72de78345911d8ac5855fa083aa4f78e3?s=96&d=mm&r=g","contentUrl":"https:\/\/secure.gravatar.com\/avatar\/6baddd41ade89ab65d95aa3de3ed14e72de78345911d8ac5855fa083aa4f78e3?s=96&d=mm&r=g","caption":"Carlos"},"url":"https:\/\/www.fragadis.es\/es\/author\/carlos\/"}]}},"_links":{"self":[{"href":"https:\/\/www.fragadis.es\/es\/wp-json\/wp\/v2\/posts\/14587","targetHints":{"allow":["GET"]}}],"collection":[{"href":"https:\/\/www.fragadis.es\/es\/wp-json\/wp\/v2\/posts"}],"about":[{"href":"https:\/\/www.fragadis.es\/es\/wp-json\/wp\/v2\/types\/post"}],"author":[{"embeddable":true,"href":"https:\/\/www.fragadis.es\/es\/wp-json\/wp\/v2\/users\/3"}],"replies":[{"embeddable":true,"href":"https:\/\/www.fragadis.es\/es\/wp-json\/wp\/v2\/comments?post=14587"}],"version-history":[{"count":3,"href":"https:\/\/www.fragadis.es\/es\/wp-json\/wp\/v2\/posts\/14587\/revisions"}],"predecessor-version":[{"id":22697,"href":"https:\/\/www.fragadis.es\/es\/wp-json\/wp\/v2\/posts\/14587\/revisions\/22697"}],"wp:featuredmedia":[{"embeddable":true,"href":"https:\/\/www.fragadis.es\/es\/wp-json\/wp\/v2\/media\/22695"}],"wp:attachment":[{"href":"https:\/\/www.fragadis.es\/es\/wp-json\/wp\/v2\/media?parent=14587"}],"wp:term":[{"taxonomy":"category","embeddable":true,"href":"https:\/\/www.fragadis.es\/es\/wp-json\/wp\/v2\/categories?post=14587"},{"taxonomy":"post_tag","embeddable":true,"href":"https:\/\/www.fragadis.es\/es\/wp-json\/wp\/v2\/tags?post=14587"}],"curies":[{"name":"wp","href":"https:\/\/api.w.org\/{rel}","templated":true}]}}