{"id":16667,"date":"2020-12-10T13:23:29","date_gmt":"2020-12-10T12:23:29","guid":{"rendered":"http:\/\/www.fragadis.es\/?p=16667"},"modified":"2023-12-15T11:45:11","modified_gmt":"2023-12-15T10:45:11","slug":"apertura-montbrio-eurospar","status":"publish","type":"post","link":"https:\/\/www.fragadis.es\/es\/apertura-montbrio-eurospar\/","title":{"rendered":"\u00daltima apertura de 2020 en Fragadis: \u00a1nuevo Eurospar en Montbri\u00f3 del Camp!"},"content":{"rendered":"<p><div class=\"fusion-fullwidth fullwidth-box fusion-builder-row-1 nonhundred-percent-fullwidth non-hundred-percent-height-scrolling\" style=\"--awb-border-radius-top-left:0px;--awb-border-radius-top-right:0px;--awb-border-radius-bottom-right:0px;--awb-border-radius-bottom-left:0px;--awb-flex-wrap:wrap;\" ><div class=\"fusion-builder-row fusion-row\"><div class=\"fusion-layout-column fusion_builder_column fusion-builder-column-0 fusion_builder_column_1_1 1_1 fusion-one-full fusion-column-first fusion-column-last\" style=\"--awb-bg-size:cover;\"><div class=\"fusion-column-wrapper fusion-flex-column-wrapper-legacy\"><div class=\"fusion-title title fusion-title-1 fusion-title-text fusion-title-size-one\" style=\"--awb-margin-top-small:10px;--awb-margin-right-small:0px;--awb-margin-bottom-small:10px;--awb-margin-left-small:0px;--awb-sep-color:#fffcfc;\"><h1 class=\"fusion-title-heading title-heading-left fusion-responsive-typography-calculated\" style=\"margin:0;--fontSize:33;line-height:1.45;\">\u00daltima apertura de 2020 en Fragadis: \u00a1nuevo Eurospar en Montbri\u00f3 del Camp!<\/h1><span class=\"awb-title-spacer\"><\/span><div class=\"title-sep-container\"><div class=\"title-sep sep-double sep-solid\" style=\"border-color:#fffcfc;\"><\/div><\/div><\/div><div class=\"fusion-section-separator section-separator triangle fusion-section-separator-1\" style=\"--awb-border-bottom:1px solid #8bc34a;--awb-spacer-height:1px;--awb-svg-margin-left:0;--awb-svg-margin-right:0;--awb-icon-color:#ffffff;\"><div class=\"fusion-section-separator-svg\"><div class=\"divider-candy-arrow bottom\" style=\"top:0px;border-top-color: #8bc34a;\"><\/div><div class=\"divider-candy bottom\" style=\"bottom:-21px;border-bottom:1px solid #8bc34a;border-left:1px solid #8bc34a;\"><\/div><\/div><div class=\"fusion-section-separator-spacer\"><div class=\"fusion-section-separator-spacer-height\"><\/div><\/div><\/div><div class=\"fusion-sep-clear\"><\/div><div class=\"fusion-separator fusion-full-width-sep\" style=\"margin-left: auto;margin-right: auto;margin-top:10px;margin-bottom:10px;width:100%;\"><div class=\"fusion-separator-border sep-double\" style=\"--awb-height:20px;--awb-amount:20px;--awb-sep-color:#fffcfc;border-color:#fffcfc;border-top-width:1px;border-bottom-width:1px;\"><\/div><\/div><div class=\"fusion-sep-clear\"><\/div><div class=\"fusion-clearfix\"><\/div><\/div><\/div><\/div><\/div><div class=\"fusion-fullwidth fullwidth-box fusion-builder-row-2 nonhundred-percent-fullwidth non-hundred-percent-height-scrolling\" style=\"--awb-border-radius-top-left:0px;--awb-border-radius-top-right:0px;--awb-border-radius-bottom-right:0px;--awb-border-radius-bottom-left:0px;--awb-flex-wrap:wrap;\" ><div class=\"fusion-builder-row fusion-row\"><div class=\"fusion-layout-column fusion_builder_column fusion-builder-column-1 fusion_builder_column_1_1 1_1 fusion-one-full fusion-column-first fusion-column-last\" style=\"--awb-bg-size:cover;--awb-margin-bottom:0px;\"><div class=\"fusion-column-wrapper fusion-flex-column-wrapper-legacy\"><div class=\"fusion-text fusion-text-1\"><p>Este 2020 hemos vivido un a\u00f1o repleto de proyectos de reforma y edificaci\u00f3n. El 10 de diciembre un nuevo EUROSPAR en Montbri\u00f3 del Camp, ubicado en el Paseo Nicolau con esquina en la Calle Madgalena Blay, ser\u00e1 el que ponga fin al desafiante a\u00f1o de proyectos que hemos tenido, que continuar\u00e1 con el mismo \u00edmpetu nada m\u00e1s empezar el 2021.<\/p>\n<p>El nuevo EUROSPAR contar\u00e1 con las secciones propias de un supermercado de proximidad: carnicer\u00eda, charcuter\u00eda y pescader\u00eda. Las secciones ser\u00e1n atendidas por nuestros compa\u00f1eros expertos, ofreciendo un servicio personalizado y adaptado a las necesidades del cliente. Paralelamente a esto, en el supermercado tambi\u00e9n se podr\u00e1n hallar multitud de productos de primeras marcas y de la propia marca <strong>SPAR<\/strong>.<\/p>\n<p>Los clientes tambi\u00e9n tendr\u00e1n a su disposici\u00f3n un \u00e1rea de cafeter\u00eda y parking privado de gran extensi\u00f3n, lo que reforzar\u00e1 positivamente su experiencia de compra. El horario de atenci\u00f3n ser\u00e1 de 8:30 a 21:00h de lunes a s\u00e1bado, sin cerrar al mediod\u00eda. Adem\u00e1s, un total de 20 personas conformar\u00e1n la plantilla del establecimiento, siendo este dato una inyecci\u00f3n muy positiva en la tasa de ocupaci\u00f3n laboral del municipio y sus alrededores.<\/p>\n<p>Estamos muy satisfechos con los proyectos llevados a cabo a lo largo de este a\u00f1o, consideramos que la \u00faltima apertura del a\u00f1o re\u00fane todo lo que es imprescindible para nosotros: un servicio cercano y personalizado, productos de proximidad, secciones de frescos de alta calidad y un espacio modernizado y equipado con tecnolog\u00eda y mobiliario sostenible.<\/p>\n<p>\u00a1OS ESPERAMOS!<\/p>\n<\/div><div class=\"fusion-clearfix\"><\/div><\/div><\/div><\/div><\/div><div class=\"fusion-fullwidth fullwidth-box fusion-builder-row-3 fusion-flex-container nonhundred-percent-fullwidth non-hundred-percent-height-scrolling\" style=\"--awb-border-radius-top-left:0px;--awb-border-radius-top-right:0px;--awb-border-radius-bottom-right:0px;--awb-border-radius-bottom-left:0px;--awb-flex-wrap:wrap;\" ><div class=\"fusion-builder-row fusion-row fusion-flex-align-items-flex-start fusion-flex-content-wrap\" style=\"max-width:1248px;margin-left: calc(-4% \/ 2 );margin-right: calc(-4% \/ 2 );\"><div class=\"fusion-layout-column fusion_builder_column fusion-builder-column-2 fusion_builder_column_1_3 1_3 fusion-flex-column\" style=\"--awb-bg-size:cover;--awb-width-large:33.333333333333%;--awb-margin-top-large:0px;--awb-spacing-right-large:5.76%;--awb-margin-bottom-large:20px;--awb-spacing-left-large:5.76%;--awb-width-medium:100%;--awb-order-medium:0;--awb-spacing-right-medium:1.92%;--awb-spacing-left-medium:1.92%;--awb-width-small:100%;--awb-order-small:0;--awb-spacing-right-small:1.92%;--awb-spacing-left-small:1.92%;\"><div class=\"fusion-column-wrapper fusion-column-has-shadow fusion-flex-justify-content-flex-start fusion-content-layout-column\"><div class=\"fusion-image-element\" style=\"--awb-caption-title-font-family:var(--h2_typography-font-family);--awb-caption-title-font-weight:var(--h2_typography-font-weight);--awb-caption-title-font-style:var(--h2_typography-font-style);--awb-caption-title-size:var(--h2_typography-font-size);--awb-caption-title-transform:var(--h2_typography-text-transform);--awb-caption-title-line-height:var(--h2_typography-line-height);--awb-caption-title-letter-spacing:var(--h2_typography-letter-spacing);\"><span class=\" fusion-imageframe imageframe-none imageframe-1 hover-type-none\"><img decoding=\"async\" width=\"850\" height=\"638\" alt=\"Montbri\u00f3 carnicer\u00eda\" title=\"MONTBRIO-CARNICERIA\" src=\"https:\/\/www.fragadis.es\/wp-content\/uploads\/2023\/12\/MONTBRIO-CARNICERIA.jpg\" data-orig-src=\"https:\/\/www.fragadis.es\/wp-content\/uploads\/2023\/12\/MONTBRIO-CARNICERIA.jpg\" class=\"lazyload img-responsive wp-image-20788\" srcset=\"data:image\/svg+xml,%3Csvg%20xmlns%3D%27http%3A%2F%2Fwww.w3.org%2F2000%2Fsvg%27%20width%3D%27850%27%20height%3D%27638%27%20viewBox%3D%270%200%20850%20638%27%3E%3Crect%20width%3D%27850%27%20height%3D%27638%27%20fill-opacity%3D%220%22%2F%3E%3C%2Fsvg%3E\" data-srcset=\"https:\/\/www.fragadis.es\/wp-content\/uploads\/2023\/12\/MONTBRIO-CARNICERIA-200x150.jpg 200w, https:\/\/www.fragadis.es\/wp-content\/uploads\/2023\/12\/MONTBRIO-CARNICERIA-400x300.jpg 400w, https:\/\/www.fragadis.es\/wp-content\/uploads\/2023\/12\/MONTBRIO-CARNICERIA-600x450.jpg 600w, https:\/\/www.fragadis.es\/wp-content\/uploads\/2023\/12\/MONTBRIO-CARNICERIA-800x600.jpg 800w, https:\/\/www.fragadis.es\/wp-content\/uploads\/2023\/12\/MONTBRIO-CARNICERIA.jpg 850w\" data-sizes=\"auto\" data-orig-sizes=\"(max-width: 1024px) 100vw, (max-width: 640px) 100vw, 400px\" \/><\/span><\/div><\/div><\/div><div class=\"fusion-layout-column fusion_builder_column fusion-builder-column-3 fusion_builder_column_1_3 1_3 fusion-flex-column\" style=\"--awb-bg-size:cover;--awb-width-large:33.333333333333%;--awb-margin-top-large:0px;--awb-spacing-right-large:5.76%;--awb-margin-bottom-large:20px;--awb-spacing-left-large:5.76%;--awb-width-medium:100%;--awb-order-medium:0;--awb-spacing-right-medium:1.92%;--awb-spacing-left-medium:1.92%;--awb-width-small:100%;--awb-order-small:0;--awb-spacing-right-small:1.92%;--awb-spacing-left-small:1.92%;\"><div class=\"fusion-column-wrapper fusion-column-has-shadow fusion-flex-justify-content-flex-start fusion-content-layout-column\"><div class=\"fusion-image-element\" style=\"--awb-caption-title-font-family:var(--h2_typography-font-family);--awb-caption-title-font-weight:var(--h2_typography-font-weight);--awb-caption-title-font-style:var(--h2_typography-font-style);--awb-caption-title-size:var(--h2_typography-font-size);--awb-caption-title-transform:var(--h2_typography-text-transform);--awb-caption-title-line-height:var(--h2_typography-line-height);--awb-caption-title-letter-spacing:var(--h2_typography-letter-spacing);\"><span class=\" fusion-imageframe imageframe-none imageframe-2 hover-type-none\"><img decoding=\"async\" width=\"850\" height=\"638\" alt=\"Montbri\u00f3 cajas\" title=\"MONTBRIO-CAJAS\" src=\"https:\/\/www.fragadis.es\/wp-content\/uploads\/2023\/12\/MONTBRIO-CAJAS.jpg\" data-orig-src=\"https:\/\/www.fragadis.es\/wp-content\/uploads\/2023\/12\/MONTBRIO-CAJAS.jpg\" class=\"lazyload img-responsive wp-image-20790\" srcset=\"data:image\/svg+xml,%3Csvg%20xmlns%3D%27http%3A%2F%2Fwww.w3.org%2F2000%2Fsvg%27%20width%3D%27850%27%20height%3D%27638%27%20viewBox%3D%270%200%20850%20638%27%3E%3Crect%20width%3D%27850%27%20height%3D%27638%27%20fill-opacity%3D%220%22%2F%3E%3C%2Fsvg%3E\" data-srcset=\"https:\/\/www.fragadis.es\/wp-content\/uploads\/2023\/12\/MONTBRIO-CAJAS-200x150.jpg 200w, https:\/\/www.fragadis.es\/wp-content\/uploads\/2023\/12\/MONTBRIO-CAJAS-400x300.jpg 400w, https:\/\/www.fragadis.es\/wp-content\/uploads\/2023\/12\/MONTBRIO-CAJAS-600x450.jpg 600w, https:\/\/www.fragadis.es\/wp-content\/uploads\/2023\/12\/MONTBRIO-CAJAS-800x600.jpg 800w, https:\/\/www.fragadis.es\/wp-content\/uploads\/2023\/12\/MONTBRIO-CAJAS.jpg 850w\" data-sizes=\"auto\" data-orig-sizes=\"(max-width: 1024px) 100vw, (max-width: 640px) 100vw, 400px\" \/><\/span><\/div><\/div><\/div><div class=\"fusion-layout-column fusion_builder_column fusion-builder-column-4 fusion_builder_column_1_3 1_3 fusion-flex-column\" style=\"--awb-bg-size:cover;--awb-width-large:33.333333333333%;--awb-margin-top-large:0px;--awb-spacing-right-large:5.76%;--awb-margin-bottom-large:20px;--awb-spacing-left-large:5.76%;--awb-width-medium:100%;--awb-order-medium:0;--awb-spacing-right-medium:1.92%;--awb-spacing-left-medium:1.92%;--awb-width-small:100%;--awb-order-small:0;--awb-spacing-right-small:1.92%;--awb-spacing-left-small:1.92%;\"><div class=\"fusion-column-wrapper fusion-column-has-shadow fusion-flex-justify-content-flex-start fusion-content-layout-column\"><div class=\"fusion-image-element\" style=\"--awb-caption-title-font-family:var(--h2_typography-font-family);--awb-caption-title-font-weight:var(--h2_typography-font-weight);--awb-caption-title-font-style:var(--h2_typography-font-style);--awb-caption-title-size:var(--h2_typography-font-size);--awb-caption-title-transform:var(--h2_typography-text-transform);--awb-caption-title-line-height:var(--h2_typography-line-height);--awb-caption-title-letter-spacing:var(--h2_typography-letter-spacing);\"><span class=\" fusion-imageframe imageframe-none imageframe-3 hover-type-none\"><img decoding=\"async\" width=\"850\" height=\"638\" alt=\"Montbri\u00f3 sala de ventas\" title=\"MONTBRIO-SALA-VENTAS\" src=\"https:\/\/www.fragadis.es\/wp-content\/uploads\/2023\/12\/MONTBRIO-SALA-VENTAS.jpg\" data-orig-src=\"https:\/\/www.fragadis.es\/wp-content\/uploads\/2023\/12\/MONTBRIO-SALA-VENTAS.jpg\" class=\"lazyload img-responsive wp-image-20792\" srcset=\"data:image\/svg+xml,%3Csvg%20xmlns%3D%27http%3A%2F%2Fwww.w3.org%2F2000%2Fsvg%27%20width%3D%27850%27%20height%3D%27638%27%20viewBox%3D%270%200%20850%20638%27%3E%3Crect%20width%3D%27850%27%20height%3D%27638%27%20fill-opacity%3D%220%22%2F%3E%3C%2Fsvg%3E\" data-srcset=\"https:\/\/www.fragadis.es\/wp-content\/uploads\/2023\/12\/MONTBRIO-SALA-VENTAS-200x150.jpg 200w, https:\/\/www.fragadis.es\/wp-content\/uploads\/2023\/12\/MONTBRIO-SALA-VENTAS-400x300.jpg 400w, https:\/\/www.fragadis.es\/wp-content\/uploads\/2023\/12\/MONTBRIO-SALA-VENTAS-600x450.jpg 600w, https:\/\/www.fragadis.es\/wp-content\/uploads\/2023\/12\/MONTBRIO-SALA-VENTAS-800x600.jpg 800w, https:\/\/www.fragadis.es\/wp-content\/uploads\/2023\/12\/MONTBRIO-SALA-VENTAS.jpg 850w\" data-sizes=\"auto\" data-orig-sizes=\"(max-width: 1024px) 100vw, (max-width: 640px) 100vw, 400px\" \/><\/span><\/div><\/div><\/div><\/div><\/div><\/p>\n","protected":false},"excerpt":{"rendered":"","protected":false},"author":3,"featured_media":20794,"comment_status":"open","ping_status":"open","sticky":false,"template":"","format":"standard","meta":{"footnotes":""},"categories":[75],"tags":[324,323,322],"class_list":["post-16667","post","type-post","status-publish","format-standard","has-post-thumbnail","hentry","category-noticias","tag-comprar-en-montbrio-del-campo","tag-super-montbrio","tag-supermercado-montbrio-del-campo"],"yoast_head":"<!-- This site is optimized with the Yoast SEO Premium plugin v28.2 (Yoast SEO v28.2) - https:\/\/yoast.com\/product\/yoast-seo-premium-wordpress\/ -->\n<title>\u00daltima apertura de 2020 en Fragadis: \u00a1nuevo Eurospar en Montbri\u00f3 del Camp! - Fragadis<\/title>\n<meta name=\"robots\" content=\"index, follow, max-snippet:-1, max-image-preview:large, max-video-preview:-1\" \/>\n<link rel=\"canonical\" href=\"https:\/\/www.fragadis.es\/es\/apertura-montbrio-eurospar\/\" \/>\n<meta property=\"og:locale\" content=\"es_ES\" \/>\n<meta property=\"og:type\" content=\"article\" \/>\n<meta property=\"og:title\" content=\"\u00daltima apertura de 2020 en Fragadis: \u00a1nuevo Eurospar en Montbri\u00f3 del Camp!\" \/>\n<meta property=\"og:url\" content=\"https:\/\/www.fragadis.es\/es\/apertura-montbrio-eurospar\/\" \/>\n<meta property=\"og:site_name\" content=\"Fragadis\" \/>\n<meta property=\"article:publisher\" content=\"https:\/\/www.facebook.com\/Spar.Club.Fragadis\" \/>\n<meta property=\"article:published_time\" content=\"2020-12-10T12:23:29+00:00\" \/>\n<meta property=\"article:modified_time\" content=\"2023-12-15T10:45:11+00:00\" \/>\n<meta property=\"og:image\" content=\"https:\/\/www.fragadis.es\/wp-content\/uploads\/2023\/12\/MONTBRIO-FACHADA.jpg\" \/>\n\t<meta property=\"og:image:width\" content=\"850\" \/>\n\t<meta property=\"og:image:height\" content=\"548\" \/>\n\t<meta property=\"og:image:type\" content=\"image\/jpeg\" \/>\n<meta name=\"author\" content=\"Carlos\" \/>\n<meta name=\"twitter:card\" content=\"summary_large_image\" \/>\n<meta name=\"twitter:label1\" content=\"Escrito por\" \/>\n\t<meta name=\"twitter:data1\" content=\"Carlos\" \/>\n\t<meta name=\"twitter:label2\" content=\"Tiempo de lectura\" \/>\n\t<meta name=\"twitter:data2\" content=\"5 minutos\" \/>\n<script type=\"application\/ld+json\" class=\"yoast-schema-graph\">{\"@context\":\"https:\\\/\\\/schema.org\",\"@graph\":[{\"@type\":\"Article\",\"@id\":\"https:\\\/\\\/www.fragadis.es\\\/es\\\/apertura-montbrio-eurospar\\\/#article\",\"isPartOf\":{\"@id\":\"https:\\\/\\\/www.fragadis.es\\\/es\\\/apertura-montbrio-eurospar\\\/\"},\"author\":{\"name\":\"Carlos\",\"@id\":\"https:\\\/\\\/www.fragadis.es\\\/es\\\/#\\\/schema\\\/person\\\/a0bb30fea30f22f5621f437567dd3424\"},\"headline\":\"\u00daltima apertura de 2020 en Fragadis: \u00a1nuevo Eurospar en Montbri\u00f3 del Camp!\",\"datePublished\":\"2020-12-10T12:23:29+00:00\",\"dateModified\":\"2023-12-15T10:45:11+00:00\",\"mainEntityOfPage\":{\"@id\":\"https:\\\/\\\/www.fragadis.es\\\/es\\\/apertura-montbrio-eurospar\\\/\"},\"wordCount\":2713,\"commentCount\":0,\"publisher\":{\"@id\":\"https:\\\/\\\/www.fragadis.es\\\/es\\\/#organization\"},\"image\":{\"@id\":\"https:\\\/\\\/www.fragadis.es\\\/es\\\/apertura-montbrio-eurospar\\\/#primaryimage\"},\"thumbnailUrl\":\"https:\\\/\\\/www.fragadis.es\\\/wp-content\\\/uploads\\\/2023\\\/12\\\/MONTBRIO-FACHADA.jpg\",\"keywords\":[\"comprar en montbrio del campo\",\"super montbrio\",\"supermercado montbrio del campo\"],\"articleSection\":[\"Noticias\"],\"inLanguage\":\"es\",\"potentialAction\":[{\"@type\":\"CommentAction\",\"name\":\"Comment\",\"target\":[\"https:\\\/\\\/www.fragadis.es\\\/es\\\/apertura-montbrio-eurospar\\\/#respond\"]}]},{\"@type\":\"WebPage\",\"@id\":\"https:\\\/\\\/www.fragadis.es\\\/es\\\/apertura-montbrio-eurospar\\\/\",\"url\":\"https:\\\/\\\/www.fragadis.es\\\/es\\\/apertura-montbrio-eurospar\\\/\",\"name\":\"\u00daltima apertura de 2020 en Fragadis: \u00a1nuevo Eurospar en Montbri\u00f3 del Camp! - Fragadis\",\"isPartOf\":{\"@id\":\"https:\\\/\\\/www.fragadis.es\\\/es\\\/#website\"},\"primaryImageOfPage\":{\"@id\":\"https:\\\/\\\/www.fragadis.es\\\/es\\\/apertura-montbrio-eurospar\\\/#primaryimage\"},\"image\":{\"@id\":\"https:\\\/\\\/www.fragadis.es\\\/es\\\/apertura-montbrio-eurospar\\\/#primaryimage\"},\"thumbnailUrl\":\"https:\\\/\\\/www.fragadis.es\\\/wp-content\\\/uploads\\\/2023\\\/12\\\/MONTBRIO-FACHADA.jpg\",\"datePublished\":\"2020-12-10T12:23:29+00:00\",\"dateModified\":\"2023-12-15T10:45:11+00:00\",\"breadcrumb\":{\"@id\":\"https:\\\/\\\/www.fragadis.es\\\/es\\\/apertura-montbrio-eurospar\\\/#breadcrumb\"},\"inLanguage\":\"es\",\"potentialAction\":[{\"@type\":\"ReadAction\",\"target\":[\"https:\\\/\\\/www.fragadis.es\\\/es\\\/apertura-montbrio-eurospar\\\/\"]}]},{\"@type\":\"ImageObject\",\"inLanguage\":\"es\",\"@id\":\"https:\\\/\\\/www.fragadis.es\\\/es\\\/apertura-montbrio-eurospar\\\/#primaryimage\",\"url\":\"https:\\\/\\\/www.fragadis.es\\\/wp-content\\\/uploads\\\/2023\\\/12\\\/MONTBRIO-FACHADA.jpg\",\"contentUrl\":\"https:\\\/\\\/www.fragadis.es\\\/wp-content\\\/uploads\\\/2023\\\/12\\\/MONTBRIO-FACHADA.jpg\",\"width\":850,\"height\":548},{\"@type\":\"BreadcrumbList\",\"@id\":\"https:\\\/\\\/www.fragadis.es\\\/es\\\/apertura-montbrio-eurospar\\\/#breadcrumb\",\"itemListElement\":[{\"@type\":\"ListItem\",\"position\":1,\"name\":\"Home\",\"item\":\"https:\\\/\\\/www.fragadis.es\\\/es\\\/\"},{\"@type\":\"ListItem\",\"position\":2,\"name\":\"\u00daltima apertura de 2020 en Fragadis: \u00a1nuevo Eurospar en Montbri\u00f3 del Camp!\"}]},{\"@type\":\"WebSite\",\"@id\":\"https:\\\/\\\/www.fragadis.es\\\/es\\\/#website\",\"url\":\"https:\\\/\\\/www.fragadis.es\\\/es\\\/\",\"name\":\"Fragadis\",\"description\":\"Supermercados, con m\u00e1s de 180 tiendas en Catalu\u00f1a, Huesca, Castell\u00f3n, Valencia y Alicante\",\"publisher\":{\"@id\":\"https:\\\/\\\/www.fragadis.es\\\/es\\\/#organization\"},\"potentialAction\":[{\"@type\":\"SearchAction\",\"target\":{\"@type\":\"EntryPoint\",\"urlTemplate\":\"https:\\\/\\\/www.fragadis.es\\\/es\\\/?s={search_term_string}\"},\"query-input\":{\"@type\":\"PropertyValueSpecification\",\"valueRequired\":true,\"valueName\":\"search_term_string\"}}],\"inLanguage\":\"es\"},{\"@type\":\"Organization\",\"@id\":\"https:\\\/\\\/www.fragadis.es\\\/es\\\/#organization\",\"name\":\"Fragadis\",\"url\":\"https:\\\/\\\/www.fragadis.es\\\/es\\\/\",\"logo\":{\"@type\":\"ImageObject\",\"inLanguage\":\"es\",\"@id\":\"https:\\\/\\\/www.fragadis.es\\\/es\\\/#\\\/schema\\\/logo\\\/image\\\/\",\"url\":\"https:\\\/\\\/www.fragadis.es\\\/wp-content\\\/uploads\\\/2023\\\/07\\\/logo-fragadis.png\",\"contentUrl\":\"https:\\\/\\\/www.fragadis.es\\\/wp-content\\\/uploads\\\/2023\\\/07\\\/logo-fragadis.png\",\"width\":1435,\"height\":321,\"caption\":\"Fragadis\"},\"image\":{\"@id\":\"https:\\\/\\\/www.fragadis.es\\\/es\\\/#\\\/schema\\\/logo\\\/image\\\/\"},\"sameAs\":[\"https:\\\/\\\/www.facebook.com\\\/Spar.Club.Fragadis\",\"https:\\\/\\\/www.instagram.com\\\/spar.club.fragadis\\\/\"]},{\"@type\":\"Person\",\"@id\":\"https:\\\/\\\/www.fragadis.es\\\/es\\\/#\\\/schema\\\/person\\\/a0bb30fea30f22f5621f437567dd3424\",\"name\":\"Carlos\",\"image\":{\"@type\":\"ImageObject\",\"inLanguage\":\"es\",\"@id\":\"https:\\\/\\\/secure.gravatar.com\\\/avatar\\\/6baddd41ade89ab65d95aa3de3ed14e72de78345911d8ac5855fa083aa4f78e3?s=96&d=mm&r=g\",\"url\":\"https:\\\/\\\/secure.gravatar.com\\\/avatar\\\/6baddd41ade89ab65d95aa3de3ed14e72de78345911d8ac5855fa083aa4f78e3?s=96&d=mm&r=g\",\"contentUrl\":\"https:\\\/\\\/secure.gravatar.com\\\/avatar\\\/6baddd41ade89ab65d95aa3de3ed14e72de78345911d8ac5855fa083aa4f78e3?s=96&d=mm&r=g\",\"caption\":\"Carlos\"},\"url\":\"https:\\\/\\\/www.fragadis.es\\\/es\\\/author\\\/carlos\\\/\"}]}<\/script>\n<!-- \/ Yoast SEO Premium plugin. -->","yoast_head_json":{"title":"\u00daltima apertura de 2020 en Fragadis: \u00a1nuevo Eurospar en Montbri\u00f3 del Camp! - Fragadis","robots":{"index":"index","follow":"follow","max-snippet":"max-snippet:-1","max-image-preview":"max-image-preview:large","max-video-preview":"max-video-preview:-1"},"canonical":"https:\/\/www.fragadis.es\/es\/apertura-montbrio-eurospar\/","og_locale":"es_ES","og_type":"article","og_title":"\u00daltima apertura de 2020 en Fragadis: \u00a1nuevo Eurospar en Montbri\u00f3 del Camp!","og_url":"https:\/\/www.fragadis.es\/es\/apertura-montbrio-eurospar\/","og_site_name":"Fragadis","article_publisher":"https:\/\/www.facebook.com\/Spar.Club.Fragadis","article_published_time":"2020-12-10T12:23:29+00:00","article_modified_time":"2023-12-15T10:45:11+00:00","og_image":[{"width":850,"height":548,"url":"https:\/\/www.fragadis.es\/wp-content\/uploads\/2023\/12\/MONTBRIO-FACHADA.jpg","type":"image\/jpeg"}],"author":"Carlos","twitter_card":"summary_large_image","twitter_misc":{"Escrito por":"Carlos","Tiempo de lectura":"5 minutos"},"schema":{"@context":"https:\/\/schema.org","@graph":[{"@type":"Article","@id":"https:\/\/www.fragadis.es\/es\/apertura-montbrio-eurospar\/#article","isPartOf":{"@id":"https:\/\/www.fragadis.es\/es\/apertura-montbrio-eurospar\/"},"author":{"name":"Carlos","@id":"https:\/\/www.fragadis.es\/es\/#\/schema\/person\/a0bb30fea30f22f5621f437567dd3424"},"headline":"\u00daltima apertura de 2020 en Fragadis: \u00a1nuevo Eurospar en Montbri\u00f3 del Camp!","datePublished":"2020-12-10T12:23:29+00:00","dateModified":"2023-12-15T10:45:11+00:00","mainEntityOfPage":{"@id":"https:\/\/www.fragadis.es\/es\/apertura-montbrio-eurospar\/"},"wordCount":2713,"commentCount":0,"publisher":{"@id":"https:\/\/www.fragadis.es\/es\/#organization"},"image":{"@id":"https:\/\/www.fragadis.es\/es\/apertura-montbrio-eurospar\/#primaryimage"},"thumbnailUrl":"https:\/\/www.fragadis.es\/wp-content\/uploads\/2023\/12\/MONTBRIO-FACHADA.jpg","keywords":["comprar en montbrio del campo","super montbrio","supermercado montbrio del campo"],"articleSection":["Noticias"],"inLanguage":"es","potentialAction":[{"@type":"CommentAction","name":"Comment","target":["https:\/\/www.fragadis.es\/es\/apertura-montbrio-eurospar\/#respond"]}]},{"@type":"WebPage","@id":"https:\/\/www.fragadis.es\/es\/apertura-montbrio-eurospar\/","url":"https:\/\/www.fragadis.es\/es\/apertura-montbrio-eurospar\/","name":"\u00daltima apertura de 2020 en Fragadis: \u00a1nuevo Eurospar en Montbri\u00f3 del Camp! - Fragadis","isPartOf":{"@id":"https:\/\/www.fragadis.es\/es\/#website"},"primaryImageOfPage":{"@id":"https:\/\/www.fragadis.es\/es\/apertura-montbrio-eurospar\/#primaryimage"},"image":{"@id":"https:\/\/www.fragadis.es\/es\/apertura-montbrio-eurospar\/#primaryimage"},"thumbnailUrl":"https:\/\/www.fragadis.es\/wp-content\/uploads\/2023\/12\/MONTBRIO-FACHADA.jpg","datePublished":"2020-12-10T12:23:29+00:00","dateModified":"2023-12-15T10:45:11+00:00","breadcrumb":{"@id":"https:\/\/www.fragadis.es\/es\/apertura-montbrio-eurospar\/#breadcrumb"},"inLanguage":"es","potentialAction":[{"@type":"ReadAction","target":["https:\/\/www.fragadis.es\/es\/apertura-montbrio-eurospar\/"]}]},{"@type":"ImageObject","inLanguage":"es","@id":"https:\/\/www.fragadis.es\/es\/apertura-montbrio-eurospar\/#primaryimage","url":"https:\/\/www.fragadis.es\/wp-content\/uploads\/2023\/12\/MONTBRIO-FACHADA.jpg","contentUrl":"https:\/\/www.fragadis.es\/wp-content\/uploads\/2023\/12\/MONTBRIO-FACHADA.jpg","width":850,"height":548},{"@type":"BreadcrumbList","@id":"https:\/\/www.fragadis.es\/es\/apertura-montbrio-eurospar\/#breadcrumb","itemListElement":[{"@type":"ListItem","position":1,"name":"Home","item":"https:\/\/www.fragadis.es\/es\/"},{"@type":"ListItem","position":2,"name":"\u00daltima apertura de 2020 en Fragadis: \u00a1nuevo Eurospar en Montbri\u00f3 del Camp!"}]},{"@type":"WebSite","@id":"https:\/\/www.fragadis.es\/es\/#website","url":"https:\/\/www.fragadis.es\/es\/","name":"Fragadis","description":"Supermercados, con m\u00e1s de 180 tiendas en Catalu\u00f1a, Huesca, Castell\u00f3n, Valencia y Alicante","publisher":{"@id":"https:\/\/www.fragadis.es\/es\/#organization"},"potentialAction":[{"@type":"SearchAction","target":{"@type":"EntryPoint","urlTemplate":"https:\/\/www.fragadis.es\/es\/?s={search_term_string}"},"query-input":{"@type":"PropertyValueSpecification","valueRequired":true,"valueName":"search_term_string"}}],"inLanguage":"es"},{"@type":"Organization","@id":"https:\/\/www.fragadis.es\/es\/#organization","name":"Fragadis","url":"https:\/\/www.fragadis.es\/es\/","logo":{"@type":"ImageObject","inLanguage":"es","@id":"https:\/\/www.fragadis.es\/es\/#\/schema\/logo\/image\/","url":"https:\/\/www.fragadis.es\/wp-content\/uploads\/2023\/07\/logo-fragadis.png","contentUrl":"https:\/\/www.fragadis.es\/wp-content\/uploads\/2023\/07\/logo-fragadis.png","width":1435,"height":321,"caption":"Fragadis"},"image":{"@id":"https:\/\/www.fragadis.es\/es\/#\/schema\/logo\/image\/"},"sameAs":["https:\/\/www.facebook.com\/Spar.Club.Fragadis","https:\/\/www.instagram.com\/spar.club.fragadis\/"]},{"@type":"Person","@id":"https:\/\/www.fragadis.es\/es\/#\/schema\/person\/a0bb30fea30f22f5621f437567dd3424","name":"Carlos","image":{"@type":"ImageObject","inLanguage":"es","@id":"https:\/\/secure.gravatar.com\/avatar\/6baddd41ade89ab65d95aa3de3ed14e72de78345911d8ac5855fa083aa4f78e3?s=96&d=mm&r=g","url":"https:\/\/secure.gravatar.com\/avatar\/6baddd41ade89ab65d95aa3de3ed14e72de78345911d8ac5855fa083aa4f78e3?s=96&d=mm&r=g","contentUrl":"https:\/\/secure.gravatar.com\/avatar\/6baddd41ade89ab65d95aa3de3ed14e72de78345911d8ac5855fa083aa4f78e3?s=96&d=mm&r=g","caption":"Carlos"},"url":"https:\/\/www.fragadis.es\/es\/author\/carlos\/"}]}},"_links":{"self":[{"href":"https:\/\/www.fragadis.es\/es\/wp-json\/wp\/v2\/posts\/16667","targetHints":{"allow":["GET"]}}],"collection":[{"href":"https:\/\/www.fragadis.es\/es\/wp-json\/wp\/v2\/posts"}],"about":[{"href":"https:\/\/www.fragadis.es\/es\/wp-json\/wp\/v2\/types\/post"}],"author":[{"embeddable":true,"href":"https:\/\/www.fragadis.es\/es\/wp-json\/wp\/v2\/users\/3"}],"replies":[{"embeddable":true,"href":"https:\/\/www.fragadis.es\/es\/wp-json\/wp\/v2\/comments?post=16667"}],"version-history":[{"count":2,"href":"https:\/\/www.fragadis.es\/es\/wp-json\/wp\/v2\/posts\/16667\/revisions"}],"predecessor-version":[{"id":20798,"href":"https:\/\/www.fragadis.es\/es\/wp-json\/wp\/v2\/posts\/16667\/revisions\/20798"}],"wp:featuredmedia":[{"embeddable":true,"href":"https:\/\/www.fragadis.es\/es\/wp-json\/wp\/v2\/media\/20794"}],"wp:attachment":[{"href":"https:\/\/www.fragadis.es\/es\/wp-json\/wp\/v2\/media?parent=16667"}],"wp:term":[{"taxonomy":"category","embeddable":true,"href":"https:\/\/www.fragadis.es\/es\/wp-json\/wp\/v2\/categories?post=16667"},{"taxonomy":"post_tag","embeddable":true,"href":"https:\/\/www.fragadis.es\/es\/wp-json\/wp\/v2\/tags?post=16667"}],"curies":[{"name":"wp","href":"https:\/\/api.w.org\/{rel}","templated":true}]}}