{"id":17075,"date":"2021-04-15T10:35:01","date_gmt":"2021-04-15T08:35:01","guid":{"rendered":"http:\/\/www.fragadis.es\/?p=17075"},"modified":"2023-12-14T13:06:08","modified_gmt":"2023-12-14T12:06:08","slug":"apertura-spar-lerida","status":"publish","type":"post","link":"https:\/\/www.fragadis.es\/es\/apertura-spar-lerida\/","title":{"rendered":"\u00a1Abrimos un nuevo SPAR en L\u00e9rida y sumamos 19 miembros a nuestro equipo!"},"content":{"rendered":"<p><div class=\"fusion-fullwidth fullwidth-box fusion-builder-row-1 nonhundred-percent-fullwidth non-hundred-percent-height-scrolling\" style=\"--awb-border-radius-top-left:0px;--awb-border-radius-top-right:0px;--awb-border-radius-bottom-right:0px;--awb-border-radius-bottom-left:0px;--awb-flex-wrap:wrap;\" ><div class=\"fusion-builder-row fusion-row\"><div class=\"fusion-layout-column fusion_builder_column fusion-builder-column-0 fusion_builder_column_1_1 1_1 fusion-one-full fusion-column-first fusion-column-last\" style=\"--awb-bg-size:cover;\"><div class=\"fusion-column-wrapper fusion-flex-column-wrapper-legacy\"><div class=\"fusion-title title fusion-title-1 fusion-title-text fusion-title-size-one\" style=\"--awb-margin-top-small:10px;--awb-margin-right-small:0px;--awb-margin-bottom-small:10px;--awb-margin-left-small:0px;--awb-sep-color:#fffcfc;\"><h1 class=\"fusion-title-heading title-heading-left fusion-responsive-typography-calculated\" style=\"margin:0;--fontSize:33;line-height:1.45;\">\u00a1Abrimos un nuevo SPAR en L\u00e9rida y sumamos 19 miembros a nuestro equipo!<\/h1><span class=\"awb-title-spacer\"><\/span><div class=\"title-sep-container\"><div class=\"title-sep sep-double sep-solid\" style=\"border-color:#fffcfc;\"><\/div><\/div><\/div><div class=\"fusion-section-separator section-separator triangle fusion-section-separator-1\" style=\"--awb-border-bottom:1px solid #8bc34a;--awb-spacer-height:1px;--awb-svg-margin-left:0;--awb-svg-margin-right:0;--awb-icon-color:#ffffff;\"><div class=\"fusion-section-separator-svg\"><div class=\"divider-candy-arrow bottom\" style=\"top:0px;border-top-color: #8bc34a;\"><\/div><div class=\"divider-candy bottom\" style=\"bottom:-21px;border-bottom:1px solid #8bc34a;border-left:1px solid #8bc34a;\"><\/div><\/div><div class=\"fusion-section-separator-spacer\"><div class=\"fusion-section-separator-spacer-height\"><\/div><\/div><\/div><div class=\"fusion-sep-clear\"><\/div><div class=\"fusion-separator fusion-full-width-sep\" style=\"margin-left: auto;margin-right: auto;margin-top:10px;margin-bottom:10px;width:100%;\"><div class=\"fusion-separator-border sep-double\" style=\"--awb-height:20px;--awb-amount:20px;--awb-sep-color:#fffcfc;border-color:#fffcfc;border-top-width:1px;border-bottom-width:1px;\"><\/div><\/div><div class=\"fusion-sep-clear\"><\/div><div class=\"fusion-clearfix\"><\/div><\/div><\/div><\/div><\/div><div class=\"fusion-fullwidth fullwidth-box fusion-builder-row-2 nonhundred-percent-fullwidth non-hundred-percent-height-scrolling\" style=\"--awb-border-radius-top-left:0px;--awb-border-radius-top-right:0px;--awb-border-radius-bottom-right:0px;--awb-border-radius-bottom-left:0px;--awb-flex-wrap:wrap;\" ><div class=\"fusion-builder-row fusion-row\"><div class=\"fusion-layout-column fusion_builder_column fusion-builder-column-1 fusion_builder_column_1_1 1_1 fusion-one-full fusion-column-first fusion-column-last\" style=\"--awb-bg-size:cover;--awb-margin-bottom:0px;\"><div class=\"fusion-column-wrapper fusion-flex-column-wrapper-legacy\"><div class=\"fusion-text fusion-text-1\"><p>Ya hemos reformado 5 de nuestros establecimientos en lo que va de a\u00f1o. No conformes con esto, el pr\u00f3ximo 15 de abril, tras varios meses trabajando en el proyecto, tendr\u00e1 lugar la apertura de un nuevo SPAR en la Avenida Prat de la Riba n\u00ba 127 de L\u00e9rida,\u00a0 este ser\u00e1 el primer establecimiento que implantaremos en la ciudad leridense, aunque ya hay planes para abrir el siguiente&#8230;\u00a1Y estamos que no nos lo creemos!<\/p>\n<p><strong>Un establecimiento hecho a medida para el consumidor <\/strong><\/p>\n<p>El nuevo supermercado, que contar\u00e1 con una superficie de venta de m\u00e1s de 700 m2, abrir\u00e1 sus puertas al p\u00fablico de 08:30h a 21:00h de lunes a s\u00e1bado en un horario ininterrumpido. Situado en el sector este de la ciudad, en el barrio de Pardinyes, el nuevo Spar ofrecer\u00e1 a nuestros clientes la posibilidad de utilizar el parking subterr\u00e1neo, un \u00e1rea que contar\u00e1 con m\u00e1s de 20 plazas de aparcamiento.<\/p>\n<p>\u00a0El establecimiento ofrecer\u00e1 un gran abanico de primeras marcas y productos de nuestra marca SPAR. Adem\u00e1s, contar\u00e1 con las secciones atendidas de pescader\u00eda, charcuter\u00eda y carnicer\u00eda, A todo esto se le suma la secci\u00f3n de fruter\u00eda, donde ser\u00e1 posible hallar productos de proximidad, y la panader\u00eda, que incorporar\u00e1 rebanadora de pan y referencias para todos los gustos.<\/p>\n<p>El Spar de L\u00e9rida est\u00e1 equipado con mobiliario y tecnolog\u00eda de \u00faltima generaci\u00f3n. Nuestro objetivo, como ya os hemos contado otras veces, es reformar y abrir supermercados que sean m\u00e1s respetuosos con el medio ambiente, que aporten una mayor comodidad a los clientes y que ofrezcan un servicio a la altura de las exigencias de los mismos.<\/p>\n<p>\u00bfVendr\u00e1s a visitarlo? \u00a1Te esperamos!\u00a0<\/p>\n<p>\u00a0<\/p>\n<\/div><div class=\"fusion-video fusion-youtube fusion-aligncenter\" style=\"--awb-max-width:600px;--awb-max-height:360px;--awb-width:100%;\"><div class=\"video-shortcode\"><div class=\"fluid-width-video-wrapper\" style=\"padding-top:60%;\" ><iframe class=\"lazyload\" title=\"YouTube video player 1\" src=\"data:image\/svg+xml,%3Csvg%20xmlns%3D%27http%3A%2F%2Fwww.w3.org%2F2000%2Fsvg%27%20width%3D%27600%27%20height%3D%27360%27%20viewBox%3D%270%200%20600%20360%27%3E%3Crect%20width%3D%27600%27%20height%3D%27360%27%20fill-opacity%3D%220%22%2F%3E%3C%2Fsvg%3E\" data-orig-src=\"https:\/\/www.youtube.com\/embed\/jaZNtBlOuG4?wmode=transparent&autoplay=0\" width=\"600\" height=\"360\" allowfullscreen allow=\"autoplay; clipboard-write; encrypted-media; gyroscope; picture-in-picture;\"><\/iframe><\/div><\/div><\/div><div class=\"fusion-sep-clear\"><\/div><div class=\"fusion-separator fusion-full-width-sep\" style=\"margin-left: auto;margin-right: auto;width:100%;\"><div class=\"fusion-separator-border sep-double\" style=\"--awb-height:20px;--awb-amount:20px;border-color:#e0dede;border-top-width:1px;border-bottom-width:1px;\"><\/div><\/div><div class=\"fusion-sep-clear\"><\/div><div class=\"fusion-sep-clear\"><\/div><div class=\"fusion-separator fusion-full-width-sep\" style=\"margin-left: auto;margin-right: auto;width:100%;\"><div class=\"fusion-separator-border sep-double\" style=\"--awb-height:20px;--awb-amount:20px;border-color:#e0dede;border-top-width:1px;border-bottom-width:1px;\"><\/div><\/div><div class=\"fusion-sep-clear\"><\/div><div class=\"fusion-clearfix\"><\/div><\/div><\/div><\/div><\/div><div class=\"fusion-fullwidth fullwidth-box fusion-builder-row-3 fusion-flex-container nonhundred-percent-fullwidth non-hundred-percent-height-scrolling\" style=\"--awb-border-radius-top-left:0px;--awb-border-radius-top-right:0px;--awb-border-radius-bottom-right:0px;--awb-border-radius-bottom-left:0px;--awb-flex-wrap:wrap;\" ><div class=\"fusion-builder-row fusion-row fusion-flex-align-items-flex-start fusion-flex-content-wrap\" style=\"max-width:1248px;margin-left: calc(-4% \/ 2 );margin-right: calc(-4% \/ 2 );\"><div class=\"fusion-layout-column fusion_builder_column fusion-builder-column-2 fusion_builder_column_1_3 1_3 fusion-flex-column\" style=\"--awb-bg-size:cover;--awb-width-large:33.333333333333%;--awb-margin-top-large:0px;--awb-spacing-right-large:5.76%;--awb-margin-bottom-large:20px;--awb-spacing-left-large:5.76%;--awb-width-medium:100%;--awb-order-medium:0;--awb-spacing-right-medium:1.92%;--awb-spacing-left-medium:1.92%;--awb-width-small:100%;--awb-order-small:0;--awb-spacing-right-small:1.92%;--awb-spacing-left-small:1.92%;\"><div class=\"fusion-column-wrapper fusion-column-has-shadow fusion-flex-justify-content-flex-start fusion-content-layout-column\"><div class=\"fusion-image-element\" style=\"--awb-caption-title-font-family:var(--h2_typography-font-family);--awb-caption-title-font-weight:var(--h2_typography-font-weight);--awb-caption-title-font-style:var(--h2_typography-font-style);--awb-caption-title-size:var(--h2_typography-font-size);--awb-caption-title-transform:var(--h2_typography-text-transform);--awb-caption-title-line-height:var(--h2_typography-line-height);--awb-caption-title-letter-spacing:var(--h2_typography-letter-spacing);\"><span class=\" fusion-imageframe imageframe-none imageframe-1 hover-type-none\"><img decoding=\"async\" width=\"850\" height=\"638\" alt=\"Lleida cajas\" title=\"LLEIDA-CAJAS\" src=\"https:\/\/www.fragadis.es\/wp-content\/uploads\/2023\/12\/LLEIDA-CAJAS.jpg\" data-orig-src=\"https:\/\/www.fragadis.es\/wp-content\/uploads\/2023\/12\/LLEIDA-CAJAS.jpg\" class=\"lazyload img-responsive wp-image-20650\" srcset=\"data:image\/svg+xml,%3Csvg%20xmlns%3D%27http%3A%2F%2Fwww.w3.org%2F2000%2Fsvg%27%20width%3D%27850%27%20height%3D%27638%27%20viewBox%3D%270%200%20850%20638%27%3E%3Crect%20width%3D%27850%27%20height%3D%27638%27%20fill-opacity%3D%220%22%2F%3E%3C%2Fsvg%3E\" data-srcset=\"https:\/\/www.fragadis.es\/wp-content\/uploads\/2023\/12\/LLEIDA-CAJAS-200x150.jpg 200w, https:\/\/www.fragadis.es\/wp-content\/uploads\/2023\/12\/LLEIDA-CAJAS-400x300.jpg 400w, https:\/\/www.fragadis.es\/wp-content\/uploads\/2023\/12\/LLEIDA-CAJAS-600x450.jpg 600w, https:\/\/www.fragadis.es\/wp-content\/uploads\/2023\/12\/LLEIDA-CAJAS-800x600.jpg 800w, https:\/\/www.fragadis.es\/wp-content\/uploads\/2023\/12\/LLEIDA-CAJAS.jpg 850w\" data-sizes=\"auto\" data-orig-sizes=\"(max-width: 1024px) 100vw, (max-width: 640px) 100vw, 400px\" \/><\/span><\/div><\/div><\/div><div class=\"fusion-layout-column fusion_builder_column fusion-builder-column-3 fusion_builder_column_1_3 1_3 fusion-flex-column\" style=\"--awb-bg-size:cover;--awb-width-large:33.333333333333%;--awb-margin-top-large:0px;--awb-spacing-right-large:5.76%;--awb-margin-bottom-large:20px;--awb-spacing-left-large:5.76%;--awb-width-medium:100%;--awb-order-medium:0;--awb-spacing-right-medium:1.92%;--awb-spacing-left-medium:1.92%;--awb-width-small:100%;--awb-order-small:0;--awb-spacing-right-small:1.92%;--awb-spacing-left-small:1.92%;\"><div class=\"fusion-column-wrapper fusion-column-has-shadow fusion-flex-justify-content-flex-start fusion-content-layout-column\"><div class=\"fusion-image-element\" style=\"--awb-caption-title-font-family:var(--h2_typography-font-family);--awb-caption-title-font-weight:var(--h2_typography-font-weight);--awb-caption-title-font-style:var(--h2_typography-font-style);--awb-caption-title-size:var(--h2_typography-font-size);--awb-caption-title-transform:var(--h2_typography-text-transform);--awb-caption-title-line-height:var(--h2_typography-line-height);--awb-caption-title-letter-spacing:var(--h2_typography-letter-spacing);\"><span class=\" fusion-imageframe imageframe-none imageframe-2 hover-type-none\"><img decoding=\"async\" width=\"850\" height=\"638\" title=\"LLEIDA-FRUTA\" src=\"https:\/\/www.fragadis.es\/wp-content\/uploads\/2023\/12\/LLEIDA-FRUTA.jpg\" data-orig-src=\"https:\/\/www.fragadis.es\/wp-content\/uploads\/2023\/12\/LLEIDA-FRUTA.jpg\" alt class=\"lazyload img-responsive wp-image-20648\" srcset=\"data:image\/svg+xml,%3Csvg%20xmlns%3D%27http%3A%2F%2Fwww.w3.org%2F2000%2Fsvg%27%20width%3D%27850%27%20height%3D%27638%27%20viewBox%3D%270%200%20850%20638%27%3E%3Crect%20width%3D%27850%27%20height%3D%27638%27%20fill-opacity%3D%220%22%2F%3E%3C%2Fsvg%3E\" data-srcset=\"https:\/\/www.fragadis.es\/wp-content\/uploads\/2023\/12\/LLEIDA-FRUTA-200x150.jpg 200w, https:\/\/www.fragadis.es\/wp-content\/uploads\/2023\/12\/LLEIDA-FRUTA-400x300.jpg 400w, https:\/\/www.fragadis.es\/wp-content\/uploads\/2023\/12\/LLEIDA-FRUTA-600x450.jpg 600w, https:\/\/www.fragadis.es\/wp-content\/uploads\/2023\/12\/LLEIDA-FRUTA-800x600.jpg 800w, https:\/\/www.fragadis.es\/wp-content\/uploads\/2023\/12\/LLEIDA-FRUTA.jpg 850w\" data-sizes=\"auto\" data-orig-sizes=\"(max-width: 1024px) 100vw, (max-width: 640px) 100vw, 400px\" \/><\/span><\/div><\/div><\/div><div class=\"fusion-layout-column fusion_builder_column fusion-builder-column-4 fusion_builder_column_1_3 1_3 fusion-flex-column\" style=\"--awb-bg-size:cover;--awb-width-large:33.333333333333%;--awb-margin-top-large:0px;--awb-spacing-right-large:5.76%;--awb-margin-bottom-large:20px;--awb-spacing-left-large:5.76%;--awb-width-medium:100%;--awb-order-medium:0;--awb-spacing-right-medium:1.92%;--awb-spacing-left-medium:1.92%;--awb-width-small:100%;--awb-order-small:0;--awb-spacing-right-small:1.92%;--awb-spacing-left-small:1.92%;\"><div class=\"fusion-column-wrapper fusion-column-has-shadow fusion-flex-justify-content-flex-start fusion-content-layout-column\"><div class=\"fusion-image-element\" style=\"--awb-caption-title-font-family:var(--h2_typography-font-family);--awb-caption-title-font-weight:var(--h2_typography-font-weight);--awb-caption-title-font-style:var(--h2_typography-font-style);--awb-caption-title-size:var(--h2_typography-font-size);--awb-caption-title-transform:var(--h2_typography-text-transform);--awb-caption-title-line-height:var(--h2_typography-line-height);--awb-caption-title-letter-spacing:var(--h2_typography-letter-spacing);\"><span class=\" fusion-imageframe imageframe-none imageframe-3 hover-type-none\"><img decoding=\"async\" width=\"850\" height=\"1133\" alt=\"Lleida sala de ventas\" title=\"LLEIDA-SALA-VENTAS\" src=\"https:\/\/www.fragadis.es\/wp-content\/uploads\/2023\/12\/LLEIDA-SALA-VENTAS.jpg\" data-orig-src=\"https:\/\/www.fragadis.es\/wp-content\/uploads\/2023\/12\/LLEIDA-SALA-VENTAS.jpg\" class=\"lazyload img-responsive wp-image-20646\" srcset=\"data:image\/svg+xml,%3Csvg%20xmlns%3D%27http%3A%2F%2Fwww.w3.org%2F2000%2Fsvg%27%20width%3D%27850%27%20height%3D%271133%27%20viewBox%3D%270%200%20850%201133%27%3E%3Crect%20width%3D%27850%27%20height%3D%271133%27%20fill-opacity%3D%220%22%2F%3E%3C%2Fsvg%3E\" data-srcset=\"https:\/\/www.fragadis.es\/wp-content\/uploads\/2023\/12\/LLEIDA-SALA-VENTAS-200x267.jpg 200w, https:\/\/www.fragadis.es\/wp-content\/uploads\/2023\/12\/LLEIDA-SALA-VENTAS-400x533.jpg 400w, https:\/\/www.fragadis.es\/wp-content\/uploads\/2023\/12\/LLEIDA-SALA-VENTAS-600x800.jpg 600w, https:\/\/www.fragadis.es\/wp-content\/uploads\/2023\/12\/LLEIDA-SALA-VENTAS-800x1066.jpg 800w, https:\/\/www.fragadis.es\/wp-content\/uploads\/2023\/12\/LLEIDA-SALA-VENTAS.jpg 850w\" data-sizes=\"auto\" data-orig-sizes=\"(max-width: 1024px) 100vw, (max-width: 640px) 100vw, 400px\" \/><\/span><\/div><\/div><\/div><\/div><\/div><\/p>\n","protected":false},"excerpt":{"rendered":"","protected":false},"author":3,"featured_media":20652,"comment_status":"open","ping_status":"open","sticky":false,"template":"","format":"standard","meta":{"footnotes":""},"categories":[75],"tags":[366,362,361,367,363,365,364,276],"class_list":["post-17075","post","type-post","status-publish","format-standard","has-post-thumbnail","hentry","category-noticias","tag-comprar-en-lerida","tag-comprar-supermercado","tag-spar-lleida","tag-super-lerida","tag-supermercado-en-lleida","tag-supermercado-lerida","tag-supermercado-lleida","tag-supermercado-spar"],"yoast_head":"<!-- This site is optimized with the Yoast SEO Premium plugin v28.2 (Yoast SEO v28.2) - https:\/\/yoast.com\/product\/yoast-seo-premium-wordpress\/ -->\n<title>\u00a1Abrimos un nuevo SPAR en L\u00e9rida y sumamos 19 miembros a nuestro equipo! - Fragadis<\/title>\n<meta name=\"robots\" content=\"index, follow, max-snippet:-1, max-image-preview:large, max-video-preview:-1\" \/>\n<link rel=\"canonical\" href=\"https:\/\/www.fragadis.es\/es\/apertura-spar-lerida\/\" \/>\n<meta property=\"og:locale\" content=\"es_ES\" \/>\n<meta property=\"og:type\" content=\"article\" \/>\n<meta property=\"og:title\" content=\"\u00a1Abrimos un nuevo SPAR en L\u00e9rida y sumamos 19 miembros a nuestro equipo!\" \/>\n<meta property=\"og:url\" content=\"https:\/\/www.fragadis.es\/es\/apertura-spar-lerida\/\" \/>\n<meta property=\"og:site_name\" content=\"Fragadis\" \/>\n<meta property=\"article:publisher\" content=\"https:\/\/www.facebook.com\/Spar.Club.Fragadis\" \/>\n<meta property=\"article:published_time\" content=\"2021-04-15T08:35:01+00:00\" \/>\n<meta property=\"article:modified_time\" content=\"2023-12-14T12:06:08+00:00\" \/>\n<meta property=\"og:image\" content=\"https:\/\/www.fragadis.es\/wp-content\/uploads\/2023\/12\/LLEIDA-FACHADA.jpg\" \/>\n\t<meta property=\"og:image:width\" content=\"850\" \/>\n\t<meta property=\"og:image:height\" content=\"638\" \/>\n\t<meta property=\"og:image:type\" content=\"image\/jpeg\" \/>\n<meta name=\"author\" content=\"Carlos\" \/>\n<meta name=\"twitter:card\" content=\"summary_large_image\" \/>\n<meta name=\"twitter:label1\" content=\"Escrito por\" \/>\n\t<meta name=\"twitter:data1\" content=\"Carlos\" \/>\n\t<meta name=\"twitter:label2\" content=\"Tiempo de lectura\" \/>\n\t<meta name=\"twitter:data2\" content=\"5 minutos\" \/>\n<script type=\"application\/ld+json\" class=\"yoast-schema-graph\">{\"@context\":\"https:\\\/\\\/schema.org\",\"@graph\":[{\"@type\":\"Article\",\"@id\":\"https:\\\/\\\/www.fragadis.es\\\/es\\\/apertura-spar-lerida\\\/#article\",\"isPartOf\":{\"@id\":\"https:\\\/\\\/www.fragadis.es\\\/es\\\/apertura-spar-lerida\\\/\"},\"author\":{\"name\":\"Carlos\",\"@id\":\"https:\\\/\\\/www.fragadis.es\\\/es\\\/#\\\/schema\\\/person\\\/a0bb30fea30f22f5621f437567dd3424\"},\"headline\":\"\u00a1Abrimos un nuevo SPAR en L\u00e9rida y sumamos 19 miembros a nuestro equipo!\",\"datePublished\":\"2021-04-15T08:35:01+00:00\",\"dateModified\":\"2023-12-14T12:06:08+00:00\",\"mainEntityOfPage\":{\"@id\":\"https:\\\/\\\/www.fragadis.es\\\/es\\\/apertura-spar-lerida\\\/\"},\"wordCount\":2791,\"commentCount\":0,\"publisher\":{\"@id\":\"https:\\\/\\\/www.fragadis.es\\\/es\\\/#organization\"},\"image\":{\"@id\":\"https:\\\/\\\/www.fragadis.es\\\/es\\\/apertura-spar-lerida\\\/#primaryimage\"},\"thumbnailUrl\":\"https:\\\/\\\/www.fragadis.es\\\/wp-content\\\/uploads\\\/2023\\\/12\\\/LLEIDA-FACHADA.jpg\",\"keywords\":[\"comprar en lerida\",\"comprar supermercado\",\"spar lleida\",\"super lerida\",\"supermercado en lleida\",\"supermercado lerida\",\"supermercado lleida\",\"supermercado spar\"],\"articleSection\":[\"Noticias\"],\"inLanguage\":\"es\",\"potentialAction\":[{\"@type\":\"CommentAction\",\"name\":\"Comment\",\"target\":[\"https:\\\/\\\/www.fragadis.es\\\/es\\\/apertura-spar-lerida\\\/#respond\"]}]},{\"@type\":\"WebPage\",\"@id\":\"https:\\\/\\\/www.fragadis.es\\\/es\\\/apertura-spar-lerida\\\/\",\"url\":\"https:\\\/\\\/www.fragadis.es\\\/es\\\/apertura-spar-lerida\\\/\",\"name\":\"\u00a1Abrimos un nuevo SPAR en L\u00e9rida y sumamos 19 miembros a nuestro equipo! - Fragadis\",\"isPartOf\":{\"@id\":\"https:\\\/\\\/www.fragadis.es\\\/es\\\/#website\"},\"primaryImageOfPage\":{\"@id\":\"https:\\\/\\\/www.fragadis.es\\\/es\\\/apertura-spar-lerida\\\/#primaryimage\"},\"image\":{\"@id\":\"https:\\\/\\\/www.fragadis.es\\\/es\\\/apertura-spar-lerida\\\/#primaryimage\"},\"thumbnailUrl\":\"https:\\\/\\\/www.fragadis.es\\\/wp-content\\\/uploads\\\/2023\\\/12\\\/LLEIDA-FACHADA.jpg\",\"datePublished\":\"2021-04-15T08:35:01+00:00\",\"dateModified\":\"2023-12-14T12:06:08+00:00\",\"breadcrumb\":{\"@id\":\"https:\\\/\\\/www.fragadis.es\\\/es\\\/apertura-spar-lerida\\\/#breadcrumb\"},\"inLanguage\":\"es\",\"potentialAction\":[{\"@type\":\"ReadAction\",\"target\":[\"https:\\\/\\\/www.fragadis.es\\\/es\\\/apertura-spar-lerida\\\/\"]}]},{\"@type\":\"ImageObject\",\"inLanguage\":\"es\",\"@id\":\"https:\\\/\\\/www.fragadis.es\\\/es\\\/apertura-spar-lerida\\\/#primaryimage\",\"url\":\"https:\\\/\\\/www.fragadis.es\\\/wp-content\\\/uploads\\\/2023\\\/12\\\/LLEIDA-FACHADA.jpg\",\"contentUrl\":\"https:\\\/\\\/www.fragadis.es\\\/wp-content\\\/uploads\\\/2023\\\/12\\\/LLEIDA-FACHADA.jpg\",\"width\":850,\"height\":638,\"caption\":\"LLeida fachada\"},{\"@type\":\"BreadcrumbList\",\"@id\":\"https:\\\/\\\/www.fragadis.es\\\/es\\\/apertura-spar-lerida\\\/#breadcrumb\",\"itemListElement\":[{\"@type\":\"ListItem\",\"position\":1,\"name\":\"Home\",\"item\":\"https:\\\/\\\/www.fragadis.es\\\/es\\\/\"},{\"@type\":\"ListItem\",\"position\":2,\"name\":\"\u00a1Abrimos un nuevo SPAR en L\u00e9rida y sumamos 19 miembros a nuestro equipo!\"}]},{\"@type\":\"WebSite\",\"@id\":\"https:\\\/\\\/www.fragadis.es\\\/es\\\/#website\",\"url\":\"https:\\\/\\\/www.fragadis.es\\\/es\\\/\",\"name\":\"Fragadis\",\"description\":\"Supermercados, con m\u00e1s de 180 tiendas en Catalu\u00f1a, Huesca, Castell\u00f3n, Valencia y Alicante\",\"publisher\":{\"@id\":\"https:\\\/\\\/www.fragadis.es\\\/es\\\/#organization\"},\"potentialAction\":[{\"@type\":\"SearchAction\",\"target\":{\"@type\":\"EntryPoint\",\"urlTemplate\":\"https:\\\/\\\/www.fragadis.es\\\/es\\\/?s={search_term_string}\"},\"query-input\":{\"@type\":\"PropertyValueSpecification\",\"valueRequired\":true,\"valueName\":\"search_term_string\"}}],\"inLanguage\":\"es\"},{\"@type\":\"Organization\",\"@id\":\"https:\\\/\\\/www.fragadis.es\\\/es\\\/#organization\",\"name\":\"Fragadis\",\"url\":\"https:\\\/\\\/www.fragadis.es\\\/es\\\/\",\"logo\":{\"@type\":\"ImageObject\",\"inLanguage\":\"es\",\"@id\":\"https:\\\/\\\/www.fragadis.es\\\/es\\\/#\\\/schema\\\/logo\\\/image\\\/\",\"url\":\"https:\\\/\\\/www.fragadis.es\\\/wp-content\\\/uploads\\\/2023\\\/07\\\/logo-fragadis.png\",\"contentUrl\":\"https:\\\/\\\/www.fragadis.es\\\/wp-content\\\/uploads\\\/2023\\\/07\\\/logo-fragadis.png\",\"width\":1435,\"height\":321,\"caption\":\"Fragadis\"},\"image\":{\"@id\":\"https:\\\/\\\/www.fragadis.es\\\/es\\\/#\\\/schema\\\/logo\\\/image\\\/\"},\"sameAs\":[\"https:\\\/\\\/www.facebook.com\\\/Spar.Club.Fragadis\",\"https:\\\/\\\/www.instagram.com\\\/spar.club.fragadis\\\/\"]},{\"@type\":\"Person\",\"@id\":\"https:\\\/\\\/www.fragadis.es\\\/es\\\/#\\\/schema\\\/person\\\/a0bb30fea30f22f5621f437567dd3424\",\"name\":\"Carlos\",\"image\":{\"@type\":\"ImageObject\",\"inLanguage\":\"es\",\"@id\":\"https:\\\/\\\/secure.gravatar.com\\\/avatar\\\/6baddd41ade89ab65d95aa3de3ed14e72de78345911d8ac5855fa083aa4f78e3?s=96&d=mm&r=g\",\"url\":\"https:\\\/\\\/secure.gravatar.com\\\/avatar\\\/6baddd41ade89ab65d95aa3de3ed14e72de78345911d8ac5855fa083aa4f78e3?s=96&d=mm&r=g\",\"contentUrl\":\"https:\\\/\\\/secure.gravatar.com\\\/avatar\\\/6baddd41ade89ab65d95aa3de3ed14e72de78345911d8ac5855fa083aa4f78e3?s=96&d=mm&r=g\",\"caption\":\"Carlos\"},\"url\":\"https:\\\/\\\/www.fragadis.es\\\/es\\\/author\\\/carlos\\\/\"}]}<\/script>\n<!-- \/ Yoast SEO Premium plugin. -->","yoast_head_json":{"title":"\u00a1Abrimos un nuevo SPAR en L\u00e9rida y sumamos 19 miembros a nuestro equipo! - Fragadis","robots":{"index":"index","follow":"follow","max-snippet":"max-snippet:-1","max-image-preview":"max-image-preview:large","max-video-preview":"max-video-preview:-1"},"canonical":"https:\/\/www.fragadis.es\/es\/apertura-spar-lerida\/","og_locale":"es_ES","og_type":"article","og_title":"\u00a1Abrimos un nuevo SPAR en L\u00e9rida y sumamos 19 miembros a nuestro equipo!","og_url":"https:\/\/www.fragadis.es\/es\/apertura-spar-lerida\/","og_site_name":"Fragadis","article_publisher":"https:\/\/www.facebook.com\/Spar.Club.Fragadis","article_published_time":"2021-04-15T08:35:01+00:00","article_modified_time":"2023-12-14T12:06:08+00:00","og_image":[{"width":850,"height":638,"url":"https:\/\/www.fragadis.es\/wp-content\/uploads\/2023\/12\/LLEIDA-FACHADA.jpg","type":"image\/jpeg"}],"author":"Carlos","twitter_card":"summary_large_image","twitter_misc":{"Escrito por":"Carlos","Tiempo de lectura":"5 minutos"},"schema":{"@context":"https:\/\/schema.org","@graph":[{"@type":"Article","@id":"https:\/\/www.fragadis.es\/es\/apertura-spar-lerida\/#article","isPartOf":{"@id":"https:\/\/www.fragadis.es\/es\/apertura-spar-lerida\/"},"author":{"name":"Carlos","@id":"https:\/\/www.fragadis.es\/es\/#\/schema\/person\/a0bb30fea30f22f5621f437567dd3424"},"headline":"\u00a1Abrimos un nuevo SPAR en L\u00e9rida y sumamos 19 miembros a nuestro equipo!","datePublished":"2021-04-15T08:35:01+00:00","dateModified":"2023-12-14T12:06:08+00:00","mainEntityOfPage":{"@id":"https:\/\/www.fragadis.es\/es\/apertura-spar-lerida\/"},"wordCount":2791,"commentCount":0,"publisher":{"@id":"https:\/\/www.fragadis.es\/es\/#organization"},"image":{"@id":"https:\/\/www.fragadis.es\/es\/apertura-spar-lerida\/#primaryimage"},"thumbnailUrl":"https:\/\/www.fragadis.es\/wp-content\/uploads\/2023\/12\/LLEIDA-FACHADA.jpg","keywords":["comprar en lerida","comprar supermercado","spar lleida","super lerida","supermercado en lleida","supermercado lerida","supermercado lleida","supermercado spar"],"articleSection":["Noticias"],"inLanguage":"es","potentialAction":[{"@type":"CommentAction","name":"Comment","target":["https:\/\/www.fragadis.es\/es\/apertura-spar-lerida\/#respond"]}]},{"@type":"WebPage","@id":"https:\/\/www.fragadis.es\/es\/apertura-spar-lerida\/","url":"https:\/\/www.fragadis.es\/es\/apertura-spar-lerida\/","name":"\u00a1Abrimos un nuevo SPAR en L\u00e9rida y sumamos 19 miembros a nuestro equipo! - Fragadis","isPartOf":{"@id":"https:\/\/www.fragadis.es\/es\/#website"},"primaryImageOfPage":{"@id":"https:\/\/www.fragadis.es\/es\/apertura-spar-lerida\/#primaryimage"},"image":{"@id":"https:\/\/www.fragadis.es\/es\/apertura-spar-lerida\/#primaryimage"},"thumbnailUrl":"https:\/\/www.fragadis.es\/wp-content\/uploads\/2023\/12\/LLEIDA-FACHADA.jpg","datePublished":"2021-04-15T08:35:01+00:00","dateModified":"2023-12-14T12:06:08+00:00","breadcrumb":{"@id":"https:\/\/www.fragadis.es\/es\/apertura-spar-lerida\/#breadcrumb"},"inLanguage":"es","potentialAction":[{"@type":"ReadAction","target":["https:\/\/www.fragadis.es\/es\/apertura-spar-lerida\/"]}]},{"@type":"ImageObject","inLanguage":"es","@id":"https:\/\/www.fragadis.es\/es\/apertura-spar-lerida\/#primaryimage","url":"https:\/\/www.fragadis.es\/wp-content\/uploads\/2023\/12\/LLEIDA-FACHADA.jpg","contentUrl":"https:\/\/www.fragadis.es\/wp-content\/uploads\/2023\/12\/LLEIDA-FACHADA.jpg","width":850,"height":638,"caption":"LLeida fachada"},{"@type":"BreadcrumbList","@id":"https:\/\/www.fragadis.es\/es\/apertura-spar-lerida\/#breadcrumb","itemListElement":[{"@type":"ListItem","position":1,"name":"Home","item":"https:\/\/www.fragadis.es\/es\/"},{"@type":"ListItem","position":2,"name":"\u00a1Abrimos un nuevo SPAR en L\u00e9rida y sumamos 19 miembros a nuestro equipo!"}]},{"@type":"WebSite","@id":"https:\/\/www.fragadis.es\/es\/#website","url":"https:\/\/www.fragadis.es\/es\/","name":"Fragadis","description":"Supermercados, con m\u00e1s de 180 tiendas en Catalu\u00f1a, Huesca, Castell\u00f3n, Valencia y Alicante","publisher":{"@id":"https:\/\/www.fragadis.es\/es\/#organization"},"potentialAction":[{"@type":"SearchAction","target":{"@type":"EntryPoint","urlTemplate":"https:\/\/www.fragadis.es\/es\/?s={search_term_string}"},"query-input":{"@type":"PropertyValueSpecification","valueRequired":true,"valueName":"search_term_string"}}],"inLanguage":"es"},{"@type":"Organization","@id":"https:\/\/www.fragadis.es\/es\/#organization","name":"Fragadis","url":"https:\/\/www.fragadis.es\/es\/","logo":{"@type":"ImageObject","inLanguage":"es","@id":"https:\/\/www.fragadis.es\/es\/#\/schema\/logo\/image\/","url":"https:\/\/www.fragadis.es\/wp-content\/uploads\/2023\/07\/logo-fragadis.png","contentUrl":"https:\/\/www.fragadis.es\/wp-content\/uploads\/2023\/07\/logo-fragadis.png","width":1435,"height":321,"caption":"Fragadis"},"image":{"@id":"https:\/\/www.fragadis.es\/es\/#\/schema\/logo\/image\/"},"sameAs":["https:\/\/www.facebook.com\/Spar.Club.Fragadis","https:\/\/www.instagram.com\/spar.club.fragadis\/"]},{"@type":"Person","@id":"https:\/\/www.fragadis.es\/es\/#\/schema\/person\/a0bb30fea30f22f5621f437567dd3424","name":"Carlos","image":{"@type":"ImageObject","inLanguage":"es","@id":"https:\/\/secure.gravatar.com\/avatar\/6baddd41ade89ab65d95aa3de3ed14e72de78345911d8ac5855fa083aa4f78e3?s=96&d=mm&r=g","url":"https:\/\/secure.gravatar.com\/avatar\/6baddd41ade89ab65d95aa3de3ed14e72de78345911d8ac5855fa083aa4f78e3?s=96&d=mm&r=g","contentUrl":"https:\/\/secure.gravatar.com\/avatar\/6baddd41ade89ab65d95aa3de3ed14e72de78345911d8ac5855fa083aa4f78e3?s=96&d=mm&r=g","caption":"Carlos"},"url":"https:\/\/www.fragadis.es\/es\/author\/carlos\/"}]}},"_links":{"self":[{"href":"https:\/\/www.fragadis.es\/es\/wp-json\/wp\/v2\/posts\/17075","targetHints":{"allow":["GET"]}}],"collection":[{"href":"https:\/\/www.fragadis.es\/es\/wp-json\/wp\/v2\/posts"}],"about":[{"href":"https:\/\/www.fragadis.es\/es\/wp-json\/wp\/v2\/types\/post"}],"author":[{"embeddable":true,"href":"https:\/\/www.fragadis.es\/es\/wp-json\/wp\/v2\/users\/3"}],"replies":[{"embeddable":true,"href":"https:\/\/www.fragadis.es\/es\/wp-json\/wp\/v2\/comments?post=17075"}],"version-history":[{"count":12,"href":"https:\/\/www.fragadis.es\/es\/wp-json\/wp\/v2\/posts\/17075\/revisions"}],"predecessor-version":[{"id":20654,"href":"https:\/\/www.fragadis.es\/es\/wp-json\/wp\/v2\/posts\/17075\/revisions\/20654"}],"wp:featuredmedia":[{"embeddable":true,"href":"https:\/\/www.fragadis.es\/es\/wp-json\/wp\/v2\/media\/20652"}],"wp:attachment":[{"href":"https:\/\/www.fragadis.es\/es\/wp-json\/wp\/v2\/media?parent=17075"}],"wp:term":[{"taxonomy":"category","embeddable":true,"href":"https:\/\/www.fragadis.es\/es\/wp-json\/wp\/v2\/categories?post=17075"},{"taxonomy":"post_tag","embeddable":true,"href":"https:\/\/www.fragadis.es\/es\/wp-json\/wp\/v2\/tags?post=17075"}],"curies":[{"name":"wp","href":"https:\/\/api.w.org\/{rel}","templated":true}]}}