{"id":17252,"date":"2021-06-17T11:42:12","date_gmt":"2021-06-17T09:42:12","guid":{"rendered":"http:\/\/www.fragadis.es\/?p=17252"},"modified":"2023-12-14T11:45:07","modified_gmt":"2023-12-14T10:45:07","slug":"reforma-spar-vendrell","status":"publish","type":"post","link":"https:\/\/www.fragadis.es\/es\/reforma-spar-vendrell\/","title":{"rendered":"Pr\u00f3xima parada: \u00a1reforma y ampliaci\u00f3n de nuestro SPAR de El Vendrell!"},"content":{"rendered":"<p><div class=\"fusion-fullwidth fullwidth-box fusion-builder-row-1 nonhundred-percent-fullwidth non-hundred-percent-height-scrolling\" style=\"--awb-border-radius-top-left:0px;--awb-border-radius-top-right:0px;--awb-border-radius-bottom-right:0px;--awb-border-radius-bottom-left:0px;--awb-flex-wrap:wrap;\" ><div class=\"fusion-builder-row fusion-row\"><div class=\"fusion-layout-column fusion_builder_column fusion-builder-column-0 fusion_builder_column_1_1 1_1 fusion-one-full fusion-column-first fusion-column-last\" style=\"--awb-bg-size:cover;\"><div class=\"fusion-column-wrapper fusion-flex-column-wrapper-legacy\"><div class=\"fusion-title title fusion-title-1 fusion-title-text fusion-title-size-one\" style=\"--awb-margin-top-small:10px;--awb-margin-right-small:0px;--awb-margin-bottom-small:10px;--awb-margin-left-small:0px;--awb-sep-color:#fffcfc;\"><h1 class=\"fusion-title-heading title-heading-left fusion-responsive-typography-calculated\" style=\"margin:0;--fontSize:33;line-height:1.45;\">Pr\u00f3xima parada: \u00a1reforma y ampliaci\u00f3n de nuestro SPAR de El Vendrell!<\/h1><span class=\"awb-title-spacer\"><\/span><div class=\"title-sep-container\"><div class=\"title-sep sep-double sep-solid\" style=\"border-color:#fffcfc;\"><\/div><\/div><\/div><div class=\"fusion-section-separator section-separator triangle fusion-section-separator-1\" style=\"--awb-border-bottom:1px solid #8bc34a;--awb-spacer-height:1px;--awb-svg-margin-left:0;--awb-svg-margin-right:0;--awb-icon-color:#ffffff;\"><div class=\"fusion-section-separator-svg\"><div class=\"divider-candy-arrow bottom\" style=\"top:0px;border-top-color: #8bc34a;\"><\/div><div class=\"divider-candy bottom\" style=\"bottom:-21px;border-bottom:1px solid #8bc34a;border-left:1px solid #8bc34a;\"><\/div><\/div><div class=\"fusion-section-separator-spacer\"><div class=\"fusion-section-separator-spacer-height\"><\/div><\/div><\/div><div class=\"fusion-sep-clear\"><\/div><div class=\"fusion-separator fusion-full-width-sep\" style=\"margin-left: auto;margin-right: auto;margin-top:10px;margin-bottom:10px;width:100%;\"><div class=\"fusion-separator-border sep-double\" style=\"--awb-height:20px;--awb-amount:20px;--awb-sep-color:#fffcfc;border-color:#fffcfc;border-top-width:1px;border-bottom-width:1px;\"><\/div><\/div><div class=\"fusion-sep-clear\"><\/div><div class=\"fusion-clearfix\"><\/div><\/div><\/div><\/div><\/div><div class=\"fusion-fullwidth fullwidth-box fusion-builder-row-2 nonhundred-percent-fullwidth non-hundred-percent-height-scrolling\" style=\"--awb-border-radius-top-left:0px;--awb-border-radius-top-right:0px;--awb-border-radius-bottom-right:0px;--awb-border-radius-bottom-left:0px;--awb-flex-wrap:wrap;\" ><div class=\"fusion-builder-row fusion-row\"><div class=\"fusion-layout-column fusion_builder_column fusion-builder-column-1 fusion_builder_column_1_1 1_1 fusion-one-full fusion-column-first fusion-column-last\" style=\"--awb-bg-size:cover;--awb-margin-bottom:0px;\"><div class=\"fusion-column-wrapper fusion-flex-column-wrapper-legacy\"><div class=\"fusion-text fusion-text-1\"><p>Volvemos a subir las persianas de nuestro supermercado\u00a0SPAR\u00a0del Vendrell despu\u00e9s de un intenso mes de reformas y ampliaci\u00f3n de superficie. El supermercado se encuentra en la Calle de los Flores n.\u00ba 64 y abrir\u00e1 sus puertas estrenando horario de verano: de 09:00h\u00a0a 21:30h\u00a0de lunes a s\u00e1bado y sin cerrar a mediod\u00eda.<\/p>\n<p>El renovado\u00a0SPAR\u00a0ha sido ampliado hasta conseguir una \u00e1rea total de 1100 m\u00b2 y una sala de ventas de 950 m\u00b2. Contar\u00e1 con charcuter\u00eda, carnicer\u00eda y pescader\u00eda de atenci\u00f3n personalizada y corte tradicional y con una renovada \u00e1rea de fruter\u00eda, panader\u00eda y boller\u00eda de libre servicio.<\/p>\n<p>En la sala de ventas nuestros clientes podr\u00e1n acceder a un gran abanico de productos de marcas l\u00edderes en el mercado y, indudablemente, tambi\u00e9n a los productos de nuestra marca\u00a0SPAR, que tienen una relaci\u00f3n calidad-precio muy aplaudida por los clientes. Adem\u00e1s, estos productos no han dejado de anunciar novedades en los \u00faltimos meses, como por ejemplo los cambios en las pol\u00edticas de\u00a0<em>packaging<\/em>\u00a0(cada vez m\u00e1s sostenibles) o en los compuestos de los productos, que fueron sometidos a una reducci\u00f3n importante de az\u00facar.<\/p>\n<p>La plantilla del supermercado estar\u00e1 formada por un total de 13 personas, 3 de las cuales han sido contratadas a ra\u00edz de la reforma. Continuamos completando la\u00a0<em>checklist<\/em> de compromisos de nuestro plan de modernizaci\u00f3n de tiendas: contrataci\u00f3n de personal de la zona seg\u00fan ampliaci\u00f3n de tienda y demanda, atenci\u00f3n personalizada y digna de un supermercado de confianza y renovaci\u00f3n integral de los espacios y mobiliario de venta. En este \u00faltimo punto, hemos apostado para integrar iluminaci\u00f3n de tecnolog\u00eda LED, modelos de refrigeraci\u00f3n ecol\u00f3gicos o recuperadores de calor, entre otros cambios tambi\u00e9n de \u00edndole sostenible.<\/p>\n<\/div><div class=\"fusion-sep-clear\"><\/div><div class=\"fusion-separator fusion-full-width-sep\" style=\"margin-left: auto;margin-right: auto;width:100%;\"><div class=\"fusion-separator-border sep-double\" style=\"--awb-height:20px;--awb-amount:20px;border-color:#e0dede;border-top-width:1px;border-bottom-width:1px;\"><\/div><\/div><div class=\"fusion-sep-clear\"><\/div><div class=\"fusion-clearfix\"><\/div><\/div><\/div><\/div><\/div><div class=\"fusion-fullwidth fullwidth-box fusion-builder-row-3 fusion-flex-container nonhundred-percent-fullwidth non-hundred-percent-height-scrolling\" style=\"--awb-border-radius-top-left:0px;--awb-border-radius-top-right:0px;--awb-border-radius-bottom-right:0px;--awb-border-radius-bottom-left:0px;--awb-flex-wrap:wrap;\" ><div class=\"fusion-builder-row fusion-row fusion-flex-align-items-flex-start fusion-flex-content-wrap\" style=\"max-width:1248px;margin-left: calc(-4% \/ 2 );margin-right: calc(-4% \/ 2 );\"><div class=\"fusion-layout-column fusion_builder_column fusion-builder-column-2 fusion_builder_column_1_3 1_3 fusion-flex-column\" style=\"--awb-bg-size:cover;--awb-width-large:33.333333333333%;--awb-margin-top-large:0px;--awb-spacing-right-large:5.76%;--awb-margin-bottom-large:20px;--awb-spacing-left-large:5.76%;--awb-width-medium:100%;--awb-order-medium:0;--awb-spacing-right-medium:1.92%;--awb-spacing-left-medium:1.92%;--awb-width-small:100%;--awb-order-small:0;--awb-spacing-right-small:1.92%;--awb-spacing-left-small:1.92%;\"><div class=\"fusion-column-wrapper fusion-column-has-shadow fusion-flex-justify-content-flex-start fusion-content-layout-column\"><div class=\"fusion-image-element\" style=\"--awb-caption-title-font-family:var(--h2_typography-font-family);--awb-caption-title-font-weight:var(--h2_typography-font-weight);--awb-caption-title-font-style:var(--h2_typography-font-style);--awb-caption-title-size:var(--h2_typography-font-size);--awb-caption-title-transform:var(--h2_typography-text-transform);--awb-caption-title-line-height:var(--h2_typography-line-height);--awb-caption-title-letter-spacing:var(--h2_typography-letter-spacing);\"><span class=\" fusion-imageframe imageframe-none imageframe-1 hover-type-none\"><img decoding=\"async\" width=\"850\" height=\"638\" title=\"EL-VENDRELL-147-fruta\" src=\"https:\/\/www.fragadis.es\/wp-content\/uploads\/2023\/12\/EL-VENDRELL-147-fruta.jpg\" data-orig-src=\"https:\/\/www.fragadis.es\/wp-content\/uploads\/2023\/12\/EL-VENDRELL-147-fruta.jpg\" alt class=\"lazyload img-responsive wp-image-20599\" srcset=\"data:image\/svg+xml,%3Csvg%20xmlns%3D%27http%3A%2F%2Fwww.w3.org%2F2000%2Fsvg%27%20width%3D%27850%27%20height%3D%27638%27%20viewBox%3D%270%200%20850%20638%27%3E%3Crect%20width%3D%27850%27%20height%3D%27638%27%20fill-opacity%3D%220%22%2F%3E%3C%2Fsvg%3E\" data-srcset=\"https:\/\/www.fragadis.es\/wp-content\/uploads\/2023\/12\/EL-VENDRELL-147-fruta-200x150.jpg 200w, https:\/\/www.fragadis.es\/wp-content\/uploads\/2023\/12\/EL-VENDRELL-147-fruta-400x300.jpg 400w, https:\/\/www.fragadis.es\/wp-content\/uploads\/2023\/12\/EL-VENDRELL-147-fruta-600x450.jpg 600w, https:\/\/www.fragadis.es\/wp-content\/uploads\/2023\/12\/EL-VENDRELL-147-fruta-800x600.jpg 800w, https:\/\/www.fragadis.es\/wp-content\/uploads\/2023\/12\/EL-VENDRELL-147-fruta.jpg 850w\" data-sizes=\"auto\" data-orig-sizes=\"(max-width: 1024px) 100vw, (max-width: 640px) 100vw, 400px\" \/><\/span><\/div><\/div><\/div><div class=\"fusion-layout-column fusion_builder_column fusion-builder-column-3 fusion_builder_column_1_3 1_3 fusion-flex-column\" style=\"--awb-bg-size:cover;--awb-width-large:33.333333333333%;--awb-margin-top-large:0px;--awb-spacing-right-large:5.76%;--awb-margin-bottom-large:20px;--awb-spacing-left-large:5.76%;--awb-width-medium:100%;--awb-order-medium:0;--awb-spacing-right-medium:1.92%;--awb-spacing-left-medium:1.92%;--awb-width-small:100%;--awb-order-small:0;--awb-spacing-right-small:1.92%;--awb-spacing-left-small:1.92%;\"><div class=\"fusion-column-wrapper fusion-column-has-shadow fusion-flex-justify-content-flex-start fusion-content-layout-column\"><div class=\"fusion-image-element\" style=\"--awb-caption-title-font-family:var(--h2_typography-font-family);--awb-caption-title-font-weight:var(--h2_typography-font-weight);--awb-caption-title-font-style:var(--h2_typography-font-style);--awb-caption-title-size:var(--h2_typography-font-size);--awb-caption-title-transform:var(--h2_typography-text-transform);--awb-caption-title-line-height:var(--h2_typography-line-height);--awb-caption-title-letter-spacing:var(--h2_typography-letter-spacing);\"><span class=\" fusion-imageframe imageframe-none imageframe-2 hover-type-none\"><img decoding=\"async\" width=\"850\" height=\"638\" title=\"EL-VENDRELL-147-carniceria\" src=\"https:\/\/www.fragadis.es\/wp-content\/uploads\/2023\/12\/EL-VENDRELL-147-carniceria.jpg\" data-orig-src=\"https:\/\/www.fragadis.es\/wp-content\/uploads\/2023\/12\/EL-VENDRELL-147-carniceria.jpg\" alt class=\"lazyload img-responsive wp-image-20601\" srcset=\"data:image\/svg+xml,%3Csvg%20xmlns%3D%27http%3A%2F%2Fwww.w3.org%2F2000%2Fsvg%27%20width%3D%27850%27%20height%3D%27638%27%20viewBox%3D%270%200%20850%20638%27%3E%3Crect%20width%3D%27850%27%20height%3D%27638%27%20fill-opacity%3D%220%22%2F%3E%3C%2Fsvg%3E\" data-srcset=\"https:\/\/www.fragadis.es\/wp-content\/uploads\/2023\/12\/EL-VENDRELL-147-carniceria-200x150.jpg 200w, https:\/\/www.fragadis.es\/wp-content\/uploads\/2023\/12\/EL-VENDRELL-147-carniceria-400x300.jpg 400w, https:\/\/www.fragadis.es\/wp-content\/uploads\/2023\/12\/EL-VENDRELL-147-carniceria-600x450.jpg 600w, https:\/\/www.fragadis.es\/wp-content\/uploads\/2023\/12\/EL-VENDRELL-147-carniceria-800x600.jpg 800w, https:\/\/www.fragadis.es\/wp-content\/uploads\/2023\/12\/EL-VENDRELL-147-carniceria.jpg 850w\" data-sizes=\"auto\" data-orig-sizes=\"(max-width: 1024px) 100vw, (max-width: 640px) 100vw, 400px\" \/><\/span><\/div><\/div><\/div><div class=\"fusion-layout-column fusion_builder_column fusion-builder-column-4 fusion_builder_column_1_3 1_3 fusion-flex-column\" style=\"--awb-bg-size:cover;--awb-width-large:33.333333333333%;--awb-margin-top-large:0px;--awb-spacing-right-large:5.76%;--awb-margin-bottom-large:20px;--awb-spacing-left-large:5.76%;--awb-width-medium:100%;--awb-order-medium:0;--awb-spacing-right-medium:1.92%;--awb-spacing-left-medium:1.92%;--awb-width-small:100%;--awb-order-small:0;--awb-spacing-right-small:1.92%;--awb-spacing-left-small:1.92%;\"><div class=\"fusion-column-wrapper fusion-column-has-shadow fusion-flex-justify-content-flex-start fusion-content-layout-column\"><div class=\"fusion-image-element\" style=\"--awb-caption-title-font-family:var(--h2_typography-font-family);--awb-caption-title-font-weight:var(--h2_typography-font-weight);--awb-caption-title-font-style:var(--h2_typography-font-style);--awb-caption-title-size:var(--h2_typography-font-size);--awb-caption-title-transform:var(--h2_typography-text-transform);--awb-caption-title-line-height:var(--h2_typography-line-height);--awb-caption-title-letter-spacing:var(--h2_typography-letter-spacing);\"><span class=\" fusion-imageframe imageframe-none imageframe-3 hover-type-none\"><img decoding=\"async\" width=\"850\" height=\"638\" title=\"EL-VENDRELL-147-SALA-VENTAS\" src=\"https:\/\/www.fragadis.es\/wp-content\/uploads\/2023\/12\/EL-VENDRELL-147-SALA-VENTAS.jpg\" data-orig-src=\"https:\/\/www.fragadis.es\/wp-content\/uploads\/2023\/12\/EL-VENDRELL-147-SALA-VENTAS.jpg\" alt class=\"lazyload img-responsive wp-image-20603\" srcset=\"data:image\/svg+xml,%3Csvg%20xmlns%3D%27http%3A%2F%2Fwww.w3.org%2F2000%2Fsvg%27%20width%3D%27850%27%20height%3D%27638%27%20viewBox%3D%270%200%20850%20638%27%3E%3Crect%20width%3D%27850%27%20height%3D%27638%27%20fill-opacity%3D%220%22%2F%3E%3C%2Fsvg%3E\" data-srcset=\"https:\/\/www.fragadis.es\/wp-content\/uploads\/2023\/12\/EL-VENDRELL-147-SALA-VENTAS-200x150.jpg 200w, https:\/\/www.fragadis.es\/wp-content\/uploads\/2023\/12\/EL-VENDRELL-147-SALA-VENTAS-400x300.jpg 400w, https:\/\/www.fragadis.es\/wp-content\/uploads\/2023\/12\/EL-VENDRELL-147-SALA-VENTAS-600x450.jpg 600w, https:\/\/www.fragadis.es\/wp-content\/uploads\/2023\/12\/EL-VENDRELL-147-SALA-VENTAS-800x600.jpg 800w, https:\/\/www.fragadis.es\/wp-content\/uploads\/2023\/12\/EL-VENDRELL-147-SALA-VENTAS.jpg 850w\" data-sizes=\"auto\" data-orig-sizes=\"(max-width: 1024px) 100vw, (max-width: 640px) 100vw, 400px\" \/><\/span><\/div><\/div><\/div><\/div><\/div><\/p>\n","protected":false},"excerpt":{"rendered":"","protected":false},"author":3,"featured_media":20605,"comment_status":"open","ping_status":"open","sticky":false,"template":"","format":"standard","meta":{"footnotes":""},"categories":[75],"tags":[398,396,397,395],"class_list":["post-17252","post","type-post","status-publish","format-standard","has-post-thumbnail","hentry","category-noticias","tag-alimentacion-vendrell","tag-comprar-en-el-vendrell","tag-super-vendrell","tag-supermercado-el-vendrell"],"yoast_head":"<!-- This site is optimized with the Yoast SEO Premium plugin v28.2 (Yoast SEO v28.2) - https:\/\/yoast.com\/product\/yoast-seo-premium-wordpress\/ -->\n<title>Pr\u00f3xima parada: \u00a1reforma y ampliaci\u00f3n de nuestro SPAR de El Vendrell! - Fragadis<\/title>\n<meta name=\"robots\" content=\"index, follow, max-snippet:-1, max-image-preview:large, max-video-preview:-1\" \/>\n<link rel=\"canonical\" href=\"https:\/\/www.fragadis.es\/es\/reforma-spar-vendrell\/\" \/>\n<meta property=\"og:locale\" content=\"es_ES\" \/>\n<meta property=\"og:type\" content=\"article\" \/>\n<meta property=\"og:title\" content=\"Pr\u00f3xima parada: \u00a1reforma y ampliaci\u00f3n de nuestro SPAR de El Vendrell!\" \/>\n<meta property=\"og:url\" content=\"https:\/\/www.fragadis.es\/es\/reforma-spar-vendrell\/\" \/>\n<meta property=\"og:site_name\" content=\"Fragadis\" \/>\n<meta property=\"article:publisher\" content=\"https:\/\/www.facebook.com\/Spar.Club.Fragadis\" \/>\n<meta property=\"article:published_time\" content=\"2021-06-17T09:42:12+00:00\" \/>\n<meta property=\"article:modified_time\" content=\"2023-12-14T10:45:07+00:00\" \/>\n<meta property=\"og:image\" content=\"https:\/\/www.fragadis.es\/wp-content\/uploads\/2023\/12\/EL-VENDRELL-147-FACHADA.jpg\" \/>\n\t<meta property=\"og:image:width\" content=\"850\" \/>\n\t<meta property=\"og:image:height\" content=\"420\" \/>\n\t<meta property=\"og:image:type\" content=\"image\/jpeg\" \/>\n<meta name=\"author\" content=\"Carlos\" \/>\n<meta name=\"twitter:card\" content=\"summary_large_image\" \/>\n<meta name=\"twitter:label1\" content=\"Escrito por\" \/>\n\t<meta name=\"twitter:data1\" content=\"Carlos\" \/>\n\t<meta name=\"twitter:label2\" content=\"Tiempo de lectura\" \/>\n\t<meta name=\"twitter:data2\" content=\"5 minutos\" \/>\n<script type=\"application\/ld+json\" class=\"yoast-schema-graph\">{\"@context\":\"https:\\\/\\\/schema.org\",\"@graph\":[{\"@type\":\"Article\",\"@id\":\"https:\\\/\\\/www.fragadis.es\\\/es\\\/reforma-spar-vendrell\\\/#article\",\"isPartOf\":{\"@id\":\"https:\\\/\\\/www.fragadis.es\\\/es\\\/reforma-spar-vendrell\\\/\"},\"author\":{\"name\":\"Carlos\",\"@id\":\"https:\\\/\\\/www.fragadis.es\\\/es\\\/#\\\/schema\\\/person\\\/a0bb30fea30f22f5621f437567dd3424\"},\"headline\":\"Pr\u00f3xima parada: \u00a1reforma y ampliaci\u00f3n de nuestro SPAR de El Vendrell!\",\"datePublished\":\"2021-06-17T09:42:12+00:00\",\"dateModified\":\"2023-12-14T10:45:07+00:00\",\"mainEntityOfPage\":{\"@id\":\"https:\\\/\\\/www.fragadis.es\\\/es\\\/reforma-spar-vendrell\\\/\"},\"wordCount\":2749,\"commentCount\":0,\"publisher\":{\"@id\":\"https:\\\/\\\/www.fragadis.es\\\/es\\\/#organization\"},\"image\":{\"@id\":\"https:\\\/\\\/www.fragadis.es\\\/es\\\/reforma-spar-vendrell\\\/#primaryimage\"},\"thumbnailUrl\":\"https:\\\/\\\/www.fragadis.es\\\/wp-content\\\/uploads\\\/2023\\\/12\\\/EL-VENDRELL-147-FACHADA.jpg\",\"keywords\":[\"alimentacion vendrell\",\"comprar en el vendrell\",\"super vendrell\",\"supermercado el vendrell\"],\"articleSection\":[\"Noticias\"],\"inLanguage\":\"es\",\"potentialAction\":[{\"@type\":\"CommentAction\",\"name\":\"Comment\",\"target\":[\"https:\\\/\\\/www.fragadis.es\\\/es\\\/reforma-spar-vendrell\\\/#respond\"]}]},{\"@type\":\"WebPage\",\"@id\":\"https:\\\/\\\/www.fragadis.es\\\/es\\\/reforma-spar-vendrell\\\/\",\"url\":\"https:\\\/\\\/www.fragadis.es\\\/es\\\/reforma-spar-vendrell\\\/\",\"name\":\"Pr\u00f3xima parada: \u00a1reforma y ampliaci\u00f3n de nuestro SPAR de El Vendrell! - Fragadis\",\"isPartOf\":{\"@id\":\"https:\\\/\\\/www.fragadis.es\\\/es\\\/#website\"},\"primaryImageOfPage\":{\"@id\":\"https:\\\/\\\/www.fragadis.es\\\/es\\\/reforma-spar-vendrell\\\/#primaryimage\"},\"image\":{\"@id\":\"https:\\\/\\\/www.fragadis.es\\\/es\\\/reforma-spar-vendrell\\\/#primaryimage\"},\"thumbnailUrl\":\"https:\\\/\\\/www.fragadis.es\\\/wp-content\\\/uploads\\\/2023\\\/12\\\/EL-VENDRELL-147-FACHADA.jpg\",\"datePublished\":\"2021-06-17T09:42:12+00:00\",\"dateModified\":\"2023-12-14T10:45:07+00:00\",\"breadcrumb\":{\"@id\":\"https:\\\/\\\/www.fragadis.es\\\/es\\\/reforma-spar-vendrell\\\/#breadcrumb\"},\"inLanguage\":\"es\",\"potentialAction\":[{\"@type\":\"ReadAction\",\"target\":[\"https:\\\/\\\/www.fragadis.es\\\/es\\\/reforma-spar-vendrell\\\/\"]}]},{\"@type\":\"ImageObject\",\"inLanguage\":\"es\",\"@id\":\"https:\\\/\\\/www.fragadis.es\\\/es\\\/reforma-spar-vendrell\\\/#primaryimage\",\"url\":\"https:\\\/\\\/www.fragadis.es\\\/wp-content\\\/uploads\\\/2023\\\/12\\\/EL-VENDRELL-147-FACHADA.jpg\",\"contentUrl\":\"https:\\\/\\\/www.fragadis.es\\\/wp-content\\\/uploads\\\/2023\\\/12\\\/EL-VENDRELL-147-FACHADA.jpg\",\"width\":850,\"height\":420,\"caption\":\"Fachada El Vendrell\"},{\"@type\":\"BreadcrumbList\",\"@id\":\"https:\\\/\\\/www.fragadis.es\\\/es\\\/reforma-spar-vendrell\\\/#breadcrumb\",\"itemListElement\":[{\"@type\":\"ListItem\",\"position\":1,\"name\":\"Home\",\"item\":\"https:\\\/\\\/www.fragadis.es\\\/es\\\/\"},{\"@type\":\"ListItem\",\"position\":2,\"name\":\"Pr\u00f3xima parada: \u00a1reforma y ampliaci\u00f3n de nuestro SPAR de El Vendrell!\"}]},{\"@type\":\"WebSite\",\"@id\":\"https:\\\/\\\/www.fragadis.es\\\/es\\\/#website\",\"url\":\"https:\\\/\\\/www.fragadis.es\\\/es\\\/\",\"name\":\"Fragadis\",\"description\":\"Supermercados, con m\u00e1s de 180 tiendas en Catalu\u00f1a, Huesca, Castell\u00f3n, Valencia y Alicante\",\"publisher\":{\"@id\":\"https:\\\/\\\/www.fragadis.es\\\/es\\\/#organization\"},\"potentialAction\":[{\"@type\":\"SearchAction\",\"target\":{\"@type\":\"EntryPoint\",\"urlTemplate\":\"https:\\\/\\\/www.fragadis.es\\\/es\\\/?s={search_term_string}\"},\"query-input\":{\"@type\":\"PropertyValueSpecification\",\"valueRequired\":true,\"valueName\":\"search_term_string\"}}],\"inLanguage\":\"es\"},{\"@type\":\"Organization\",\"@id\":\"https:\\\/\\\/www.fragadis.es\\\/es\\\/#organization\",\"name\":\"Fragadis\",\"url\":\"https:\\\/\\\/www.fragadis.es\\\/es\\\/\",\"logo\":{\"@type\":\"ImageObject\",\"inLanguage\":\"es\",\"@id\":\"https:\\\/\\\/www.fragadis.es\\\/es\\\/#\\\/schema\\\/logo\\\/image\\\/\",\"url\":\"https:\\\/\\\/www.fragadis.es\\\/wp-content\\\/uploads\\\/2023\\\/07\\\/logo-fragadis.png\",\"contentUrl\":\"https:\\\/\\\/www.fragadis.es\\\/wp-content\\\/uploads\\\/2023\\\/07\\\/logo-fragadis.png\",\"width\":1435,\"height\":321,\"caption\":\"Fragadis\"},\"image\":{\"@id\":\"https:\\\/\\\/www.fragadis.es\\\/es\\\/#\\\/schema\\\/logo\\\/image\\\/\"},\"sameAs\":[\"https:\\\/\\\/www.facebook.com\\\/Spar.Club.Fragadis\",\"https:\\\/\\\/www.instagram.com\\\/spar.club.fragadis\\\/\"]},{\"@type\":\"Person\",\"@id\":\"https:\\\/\\\/www.fragadis.es\\\/es\\\/#\\\/schema\\\/person\\\/a0bb30fea30f22f5621f437567dd3424\",\"name\":\"Carlos\",\"image\":{\"@type\":\"ImageObject\",\"inLanguage\":\"es\",\"@id\":\"https:\\\/\\\/secure.gravatar.com\\\/avatar\\\/6baddd41ade89ab65d95aa3de3ed14e72de78345911d8ac5855fa083aa4f78e3?s=96&d=mm&r=g\",\"url\":\"https:\\\/\\\/secure.gravatar.com\\\/avatar\\\/6baddd41ade89ab65d95aa3de3ed14e72de78345911d8ac5855fa083aa4f78e3?s=96&d=mm&r=g\",\"contentUrl\":\"https:\\\/\\\/secure.gravatar.com\\\/avatar\\\/6baddd41ade89ab65d95aa3de3ed14e72de78345911d8ac5855fa083aa4f78e3?s=96&d=mm&r=g\",\"caption\":\"Carlos\"},\"url\":\"https:\\\/\\\/www.fragadis.es\\\/es\\\/author\\\/carlos\\\/\"}]}<\/script>\n<!-- \/ Yoast SEO Premium plugin. -->","yoast_head_json":{"title":"Pr\u00f3xima parada: \u00a1reforma y ampliaci\u00f3n de nuestro SPAR de El Vendrell! - Fragadis","robots":{"index":"index","follow":"follow","max-snippet":"max-snippet:-1","max-image-preview":"max-image-preview:large","max-video-preview":"max-video-preview:-1"},"canonical":"https:\/\/www.fragadis.es\/es\/reforma-spar-vendrell\/","og_locale":"es_ES","og_type":"article","og_title":"Pr\u00f3xima parada: \u00a1reforma y ampliaci\u00f3n de nuestro SPAR de El Vendrell!","og_url":"https:\/\/www.fragadis.es\/es\/reforma-spar-vendrell\/","og_site_name":"Fragadis","article_publisher":"https:\/\/www.facebook.com\/Spar.Club.Fragadis","article_published_time":"2021-06-17T09:42:12+00:00","article_modified_time":"2023-12-14T10:45:07+00:00","og_image":[{"width":850,"height":420,"url":"https:\/\/www.fragadis.es\/wp-content\/uploads\/2023\/12\/EL-VENDRELL-147-FACHADA.jpg","type":"image\/jpeg"}],"author":"Carlos","twitter_card":"summary_large_image","twitter_misc":{"Escrito por":"Carlos","Tiempo de lectura":"5 minutos"},"schema":{"@context":"https:\/\/schema.org","@graph":[{"@type":"Article","@id":"https:\/\/www.fragadis.es\/es\/reforma-spar-vendrell\/#article","isPartOf":{"@id":"https:\/\/www.fragadis.es\/es\/reforma-spar-vendrell\/"},"author":{"name":"Carlos","@id":"https:\/\/www.fragadis.es\/es\/#\/schema\/person\/a0bb30fea30f22f5621f437567dd3424"},"headline":"Pr\u00f3xima parada: \u00a1reforma y ampliaci\u00f3n de nuestro SPAR de El Vendrell!","datePublished":"2021-06-17T09:42:12+00:00","dateModified":"2023-12-14T10:45:07+00:00","mainEntityOfPage":{"@id":"https:\/\/www.fragadis.es\/es\/reforma-spar-vendrell\/"},"wordCount":2749,"commentCount":0,"publisher":{"@id":"https:\/\/www.fragadis.es\/es\/#organization"},"image":{"@id":"https:\/\/www.fragadis.es\/es\/reforma-spar-vendrell\/#primaryimage"},"thumbnailUrl":"https:\/\/www.fragadis.es\/wp-content\/uploads\/2023\/12\/EL-VENDRELL-147-FACHADA.jpg","keywords":["alimentacion vendrell","comprar en el vendrell","super vendrell","supermercado el vendrell"],"articleSection":["Noticias"],"inLanguage":"es","potentialAction":[{"@type":"CommentAction","name":"Comment","target":["https:\/\/www.fragadis.es\/es\/reforma-spar-vendrell\/#respond"]}]},{"@type":"WebPage","@id":"https:\/\/www.fragadis.es\/es\/reforma-spar-vendrell\/","url":"https:\/\/www.fragadis.es\/es\/reforma-spar-vendrell\/","name":"Pr\u00f3xima parada: \u00a1reforma y ampliaci\u00f3n de nuestro SPAR de El Vendrell! - Fragadis","isPartOf":{"@id":"https:\/\/www.fragadis.es\/es\/#website"},"primaryImageOfPage":{"@id":"https:\/\/www.fragadis.es\/es\/reforma-spar-vendrell\/#primaryimage"},"image":{"@id":"https:\/\/www.fragadis.es\/es\/reforma-spar-vendrell\/#primaryimage"},"thumbnailUrl":"https:\/\/www.fragadis.es\/wp-content\/uploads\/2023\/12\/EL-VENDRELL-147-FACHADA.jpg","datePublished":"2021-06-17T09:42:12+00:00","dateModified":"2023-12-14T10:45:07+00:00","breadcrumb":{"@id":"https:\/\/www.fragadis.es\/es\/reforma-spar-vendrell\/#breadcrumb"},"inLanguage":"es","potentialAction":[{"@type":"ReadAction","target":["https:\/\/www.fragadis.es\/es\/reforma-spar-vendrell\/"]}]},{"@type":"ImageObject","inLanguage":"es","@id":"https:\/\/www.fragadis.es\/es\/reforma-spar-vendrell\/#primaryimage","url":"https:\/\/www.fragadis.es\/wp-content\/uploads\/2023\/12\/EL-VENDRELL-147-FACHADA.jpg","contentUrl":"https:\/\/www.fragadis.es\/wp-content\/uploads\/2023\/12\/EL-VENDRELL-147-FACHADA.jpg","width":850,"height":420,"caption":"Fachada El Vendrell"},{"@type":"BreadcrumbList","@id":"https:\/\/www.fragadis.es\/es\/reforma-spar-vendrell\/#breadcrumb","itemListElement":[{"@type":"ListItem","position":1,"name":"Home","item":"https:\/\/www.fragadis.es\/es\/"},{"@type":"ListItem","position":2,"name":"Pr\u00f3xima parada: \u00a1reforma y ampliaci\u00f3n de nuestro SPAR de El Vendrell!"}]},{"@type":"WebSite","@id":"https:\/\/www.fragadis.es\/es\/#website","url":"https:\/\/www.fragadis.es\/es\/","name":"Fragadis","description":"Supermercados, con m\u00e1s de 180 tiendas en Catalu\u00f1a, Huesca, Castell\u00f3n, Valencia y Alicante","publisher":{"@id":"https:\/\/www.fragadis.es\/es\/#organization"},"potentialAction":[{"@type":"SearchAction","target":{"@type":"EntryPoint","urlTemplate":"https:\/\/www.fragadis.es\/es\/?s={search_term_string}"},"query-input":{"@type":"PropertyValueSpecification","valueRequired":true,"valueName":"search_term_string"}}],"inLanguage":"es"},{"@type":"Organization","@id":"https:\/\/www.fragadis.es\/es\/#organization","name":"Fragadis","url":"https:\/\/www.fragadis.es\/es\/","logo":{"@type":"ImageObject","inLanguage":"es","@id":"https:\/\/www.fragadis.es\/es\/#\/schema\/logo\/image\/","url":"https:\/\/www.fragadis.es\/wp-content\/uploads\/2023\/07\/logo-fragadis.png","contentUrl":"https:\/\/www.fragadis.es\/wp-content\/uploads\/2023\/07\/logo-fragadis.png","width":1435,"height":321,"caption":"Fragadis"},"image":{"@id":"https:\/\/www.fragadis.es\/es\/#\/schema\/logo\/image\/"},"sameAs":["https:\/\/www.facebook.com\/Spar.Club.Fragadis","https:\/\/www.instagram.com\/spar.club.fragadis\/"]},{"@type":"Person","@id":"https:\/\/www.fragadis.es\/es\/#\/schema\/person\/a0bb30fea30f22f5621f437567dd3424","name":"Carlos","image":{"@type":"ImageObject","inLanguage":"es","@id":"https:\/\/secure.gravatar.com\/avatar\/6baddd41ade89ab65d95aa3de3ed14e72de78345911d8ac5855fa083aa4f78e3?s=96&d=mm&r=g","url":"https:\/\/secure.gravatar.com\/avatar\/6baddd41ade89ab65d95aa3de3ed14e72de78345911d8ac5855fa083aa4f78e3?s=96&d=mm&r=g","contentUrl":"https:\/\/secure.gravatar.com\/avatar\/6baddd41ade89ab65d95aa3de3ed14e72de78345911d8ac5855fa083aa4f78e3?s=96&d=mm&r=g","caption":"Carlos"},"url":"https:\/\/www.fragadis.es\/es\/author\/carlos\/"}]}},"_links":{"self":[{"href":"https:\/\/www.fragadis.es\/es\/wp-json\/wp\/v2\/posts\/17252","targetHints":{"allow":["GET"]}}],"collection":[{"href":"https:\/\/www.fragadis.es\/es\/wp-json\/wp\/v2\/posts"}],"about":[{"href":"https:\/\/www.fragadis.es\/es\/wp-json\/wp\/v2\/types\/post"}],"author":[{"embeddable":true,"href":"https:\/\/www.fragadis.es\/es\/wp-json\/wp\/v2\/users\/3"}],"replies":[{"embeddable":true,"href":"https:\/\/www.fragadis.es\/es\/wp-json\/wp\/v2\/comments?post=17252"}],"version-history":[{"count":4,"href":"https:\/\/www.fragadis.es\/es\/wp-json\/wp\/v2\/posts\/17252\/revisions"}],"predecessor-version":[{"id":20608,"href":"https:\/\/www.fragadis.es\/es\/wp-json\/wp\/v2\/posts\/17252\/revisions\/20608"}],"wp:featuredmedia":[{"embeddable":true,"href":"https:\/\/www.fragadis.es\/es\/wp-json\/wp\/v2\/media\/20605"}],"wp:attachment":[{"href":"https:\/\/www.fragadis.es\/es\/wp-json\/wp\/v2\/media?parent=17252"}],"wp:term":[{"taxonomy":"category","embeddable":true,"href":"https:\/\/www.fragadis.es\/es\/wp-json\/wp\/v2\/categories?post=17252"},{"taxonomy":"post_tag","embeddable":true,"href":"https:\/\/www.fragadis.es\/es\/wp-json\/wp\/v2\/tags?post=17252"}],"curies":[{"name":"wp","href":"https:\/\/api.w.org\/{rel}","templated":true}]}}