{"id":17703,"date":"2022-02-10T10:56:05","date_gmt":"2022-02-10T09:56:05","guid":{"rendered":"https:\/\/www.fragadis.es\/?p=17703"},"modified":"2023-12-13T17:54:42","modified_gmt":"2023-12-13T16:54:42","slug":"spar-torrefarrera","status":"publish","type":"post","link":"https:\/\/www.fragadis.es\/es\/spar-torrefarrera\/","title":{"rendered":"Estrenamos 2022 con un nuevo SPAR en Torrefarrera"},"content":{"rendered":"<p><div class=\"fusion-fullwidth fullwidth-box fusion-builder-row-1 nonhundred-percent-fullwidth non-hundred-percent-height-scrolling\" style=\"--awb-border-radius-top-left:0px;--awb-border-radius-top-right:0px;--awb-border-radius-bottom-right:0px;--awb-border-radius-bottom-left:0px;--awb-flex-wrap:wrap;\" ><div class=\"fusion-builder-row fusion-row\"><div class=\"fusion-layout-column fusion_builder_column fusion-builder-column-0 fusion_builder_column_1_1 1_1 fusion-one-full fusion-column-first fusion-column-last\" style=\"--awb-bg-size:cover;\"><div class=\"fusion-column-wrapper fusion-flex-column-wrapper-legacy\"><div class=\"fusion-title title fusion-title-1 fusion-title-text fusion-title-size-one\" style=\"--awb-margin-top-small:10px;--awb-margin-right-small:0px;--awb-margin-bottom-small:10px;--awb-margin-left-small:0px;--awb-sep-color:#fffcfc;\"><h1 class=\"fusion-title-heading title-heading-left fusion-responsive-typography-calculated\" style=\"margin:0;--fontSize:33;line-height:1.45;\">\u00a1Abrimos un nuevo supermercado SPAR en Torrefarrera!<\/h1><span class=\"awb-title-spacer\"><\/span><div class=\"title-sep-container\"><div class=\"title-sep sep-double sep-solid\" style=\"border-color:#fffcfc;\"><\/div><\/div><\/div><div class=\"fusion-section-separator section-separator triangle fusion-section-separator-1\" style=\"--awb-border-bottom:1px solid #8bc34a;--awb-spacer-height:1px;--awb-svg-margin-left:0;--awb-svg-margin-right:0;--awb-icon-color:#ffffff;\"><div class=\"fusion-section-separator-svg\"><div class=\"divider-candy-arrow bottom\" style=\"top:0px;border-top-color: #8bc34a;\"><\/div><div class=\"divider-candy bottom\" style=\"bottom:-21px;border-bottom:1px solid #8bc34a;border-left:1px solid #8bc34a;\"><\/div><\/div><div class=\"fusion-section-separator-spacer\"><div class=\"fusion-section-separator-spacer-height\"><\/div><\/div><\/div><div class=\"fusion-sep-clear\"><\/div><div class=\"fusion-separator fusion-full-width-sep\" style=\"margin-left: auto;margin-right: auto;margin-top:10px;margin-bottom:10px;width:100%;\"><div class=\"fusion-separator-border sep-double\" style=\"--awb-height:20px;--awb-amount:20px;--awb-sep-color:#fffcfc;border-color:#fffcfc;border-top-width:1px;border-bottom-width:1px;\"><\/div><\/div><div class=\"fusion-sep-clear\"><\/div><div class=\"fusion-clearfix\"><\/div><\/div><\/div><\/div><\/div><div class=\"fusion-fullwidth fullwidth-box fusion-builder-row-2 nonhundred-percent-fullwidth non-hundred-percent-height-scrolling\" style=\"--awb-border-radius-top-left:0px;--awb-border-radius-top-right:0px;--awb-border-radius-bottom-right:0px;--awb-border-radius-bottom-left:0px;--awb-flex-wrap:wrap;\" ><div class=\"fusion-builder-row fusion-row\"><div class=\"fusion-layout-column fusion_builder_column fusion-builder-column-1 fusion_builder_column_1_1 1_1 fusion-one-full fusion-column-first fusion-column-last\" style=\"--awb-bg-size:cover;--awb-margin-bottom:0px;\"><div class=\"fusion-column-wrapper fusion-flex-column-wrapper-legacy\"><div class=\"fusion-text fusion-text-1\" style=\"--awb-text-transform:none;\"><p>Culmin\u00e1bamos nuestro proyecto de reformas y modernizaci\u00f3n de tiendas de 2021 con una gran reforma en L\u2019Ampolla. Dos meses despu\u00e9s volvemos al desaf\u00edo con el que ser\u00e1 el primer proyecto de apertura de este 2022: un nuevo supermercado SPAR en Torrefarrera, ubicado en la Avenida de Lleida n\u00famero 115. Con este establecimiento ya son 10 los supermercados que poseemos en la provincia de L\u00e9rida, territorio en el que seguimos ganando presencia y que posee un peso importante en nuestro plan de modernizaci\u00f3n y edificaci\u00f3n de tiendas.<\/p>\n<p>El establecimiento, que ha abierto sus puertas este jueves 10 de febrero, \u00a0cuenta con una extensi\u00f3n total de 870 m2 y estar\u00e1 abierto al p\u00fablico de 08:30 a 21:00h de lunes a s\u00e1bado. Los vecinos tendr\u00e1n a su disposici\u00f3n un servicio de atenci\u00f3n personalizada en el \u00e1rea de charcuter\u00eda y carnicer\u00eda, as\u00ed como un \u00e1rea de panader\u00eda y fruter\u00eda con referencias de proximidad. Paralelamente, los clientes tambi\u00e9n podr\u00e1n hallar un gran surtido de primeras marcas y, naturalmente, tambi\u00e9n productos de la propia marca <strong>SPAR<\/strong>.<\/p>\n<p>A ra\u00edz de la apertura, hemos generado nuevos puestos de empleo y, por ende, hemos fomentado la ocupaci\u00f3n local del municipio. De este gran proyecto,\u00a0 destacamos la incorporaci\u00f3n de luces LED en la iluminaci\u00f3n central del establecimiento, equipos de refrigeraci\u00f3n y climatizaci\u00f3n de mayor ahorro energ\u00e9tico, sistemas de ventilaci\u00f3n basados en recuperadores de calor\u2026Entre otras implementaciones que refuerzan nuestro compromiso con la sostenibilidad.<\/p>\n<p>Ayer pudimos contar con la visita del excmo. se\u00f1or alcalde Jordi Latorre y la regidora de consumo Ester Roig. Junto a nuestros directores de relaciones institucionales y expansi\u00f3n, realizamos una visita en primicia acercando posturas y estableciendo nuevos nexos que nos permitan, conjuntamente, conseguir un mayor dinamismo del pueblo y enriquecimiento de la vida comercial.<\/p>\n<\/div><div class=\"fusion-sep-clear\"><\/div><div class=\"fusion-separator fusion-full-width-sep\" style=\"margin-left: auto;margin-right: auto;width:100%;\"><div class=\"fusion-separator-border sep-double\" style=\"--awb-height:20px;--awb-amount:20px;border-color:#e0dede;border-top-width:1px;border-bottom-width:1px;\"><\/div><\/div><div class=\"fusion-sep-clear\"><\/div><div class=\"fusion-clearfix\"><\/div><\/div><\/div><\/div><\/div><div class=\"fusion-fullwidth fullwidth-box fusion-builder-row-3 fusion-flex-container nonhundred-percent-fullwidth non-hundred-percent-height-scrolling\" style=\"--awb-border-radius-top-left:0px;--awb-border-radius-top-right:0px;--awb-border-radius-bottom-right:0px;--awb-border-radius-bottom-left:0px;--awb-flex-wrap:wrap;\" ><div class=\"fusion-builder-row fusion-row fusion-flex-align-items-flex-start fusion-flex-content-wrap\" style=\"max-width:1248px;margin-left: calc(-4% \/ 2 );margin-right: calc(-4% \/ 2 );\"><div class=\"fusion-layout-column fusion_builder_column fusion-builder-column-2 fusion_builder_column_1_3 1_3 fusion-flex-column\" style=\"--awb-bg-size:cover;--awb-width-large:33.333333333333%;--awb-margin-top-large:0px;--awb-spacing-right-large:5.76%;--awb-margin-bottom-large:20px;--awb-spacing-left-large:5.76%;--awb-width-medium:100%;--awb-order-medium:0;--awb-spacing-right-medium:1.92%;--awb-spacing-left-medium:1.92%;--awb-width-small:100%;--awb-order-small:0;--awb-spacing-right-small:1.92%;--awb-spacing-left-small:1.92%;\"><div class=\"fusion-column-wrapper fusion-column-has-shadow fusion-flex-justify-content-flex-start fusion-content-layout-column\"><div class=\"fusion-image-element\" style=\"--awb-caption-title-font-family:var(--h2_typography-font-family);--awb-caption-title-font-weight:var(--h2_typography-font-weight);--awb-caption-title-font-style:var(--h2_typography-font-style);--awb-caption-title-size:var(--h2_typography-font-size);--awb-caption-title-transform:var(--h2_typography-text-transform);--awb-caption-title-line-height:var(--h2_typography-line-height);--awb-caption-title-letter-spacing:var(--h2_typography-letter-spacing);\"><span class=\" fusion-imageframe imageframe-none imageframe-1 hover-type-none\"><img decoding=\"async\" width=\"850\" height=\"567\" alt=\"SPAR TORREFARRERA 217 INAUGURACION\" title=\"TORREFARRERA-217-INAUGURACION\" src=\"https:\/\/www.fragadis.es\/wp-content\/uploads\/2023\/12\/TORREFARRERA-217-INAUGURACION.jpg\" data-orig-src=\"https:\/\/www.fragadis.es\/wp-content\/uploads\/2023\/12\/TORREFARRERA-217-INAUGURACION.jpg\" class=\"lazyload img-responsive wp-image-20502\" srcset=\"data:image\/svg+xml,%3Csvg%20xmlns%3D%27http%3A%2F%2Fwww.w3.org%2F2000%2Fsvg%27%20width%3D%27850%27%20height%3D%27567%27%20viewBox%3D%270%200%20850%20567%27%3E%3Crect%20width%3D%27850%27%20height%3D%27567%27%20fill-opacity%3D%220%22%2F%3E%3C%2Fsvg%3E\" data-srcset=\"https:\/\/www.fragadis.es\/wp-content\/uploads\/2023\/12\/TORREFARRERA-217-INAUGURACION-200x133.jpg 200w, https:\/\/www.fragadis.es\/wp-content\/uploads\/2023\/12\/TORREFARRERA-217-INAUGURACION-400x267.jpg 400w, https:\/\/www.fragadis.es\/wp-content\/uploads\/2023\/12\/TORREFARRERA-217-INAUGURACION-600x400.jpg 600w, https:\/\/www.fragadis.es\/wp-content\/uploads\/2023\/12\/TORREFARRERA-217-INAUGURACION-800x534.jpg 800w, https:\/\/www.fragadis.es\/wp-content\/uploads\/2023\/12\/TORREFARRERA-217-INAUGURACION.jpg 850w\" data-sizes=\"auto\" data-orig-sizes=\"(max-width: 1024px) 100vw, (max-width: 640px) 100vw, 400px\" \/><\/span><\/div><\/div><\/div><div class=\"fusion-layout-column fusion_builder_column fusion-builder-column-3 fusion_builder_column_1_3 1_3 fusion-flex-column\" style=\"--awb-bg-size:cover;--awb-width-large:33.333333333333%;--awb-margin-top-large:0px;--awb-spacing-right-large:5.76%;--awb-margin-bottom-large:20px;--awb-spacing-left-large:5.76%;--awb-width-medium:100%;--awb-order-medium:0;--awb-spacing-right-medium:1.92%;--awb-spacing-left-medium:1.92%;--awb-width-small:100%;--awb-order-small:0;--awb-spacing-right-small:1.92%;--awb-spacing-left-small:1.92%;\"><div class=\"fusion-column-wrapper fusion-column-has-shadow fusion-flex-justify-content-flex-start fusion-content-layout-column\"><div class=\"fusion-image-element\" style=\"--awb-caption-title-font-family:var(--h2_typography-font-family);--awb-caption-title-font-weight:var(--h2_typography-font-weight);--awb-caption-title-font-style:var(--h2_typography-font-style);--awb-caption-title-size:var(--h2_typography-font-size);--awb-caption-title-transform:var(--h2_typography-text-transform);--awb-caption-title-line-height:var(--h2_typography-line-height);--awb-caption-title-letter-spacing:var(--h2_typography-letter-spacing);\"><span class=\" fusion-imageframe imageframe-none imageframe-2 hover-type-none\"><img decoding=\"async\" width=\"850\" height=\"567\" alt=\"SPAR TORREFARRERA 217 SALA DE VENTAS\" title=\"TORREFARRERA-217-SALA-DE-VENTAS\" src=\"https:\/\/www.fragadis.es\/wp-content\/uploads\/2023\/12\/TORREFARRERA-217-SALA-DE-VENTAS.jpg\" data-orig-src=\"https:\/\/www.fragadis.es\/wp-content\/uploads\/2023\/12\/TORREFARRERA-217-SALA-DE-VENTAS.jpg\" class=\"lazyload img-responsive wp-image-20504\" srcset=\"data:image\/svg+xml,%3Csvg%20xmlns%3D%27http%3A%2F%2Fwww.w3.org%2F2000%2Fsvg%27%20width%3D%27850%27%20height%3D%27567%27%20viewBox%3D%270%200%20850%20567%27%3E%3Crect%20width%3D%27850%27%20height%3D%27567%27%20fill-opacity%3D%220%22%2F%3E%3C%2Fsvg%3E\" data-srcset=\"https:\/\/www.fragadis.es\/wp-content\/uploads\/2023\/12\/TORREFARRERA-217-SALA-DE-VENTAS-200x133.jpg 200w, https:\/\/www.fragadis.es\/wp-content\/uploads\/2023\/12\/TORREFARRERA-217-SALA-DE-VENTAS-400x267.jpg 400w, https:\/\/www.fragadis.es\/wp-content\/uploads\/2023\/12\/TORREFARRERA-217-SALA-DE-VENTAS-600x400.jpg 600w, https:\/\/www.fragadis.es\/wp-content\/uploads\/2023\/12\/TORREFARRERA-217-SALA-DE-VENTAS-800x534.jpg 800w, https:\/\/www.fragadis.es\/wp-content\/uploads\/2023\/12\/TORREFARRERA-217-SALA-DE-VENTAS.jpg 850w\" data-sizes=\"auto\" data-orig-sizes=\"(max-width: 1024px) 100vw, (max-width: 640px) 100vw, 400px\" \/><\/span><\/div><\/div><\/div><div class=\"fusion-layout-column fusion_builder_column fusion-builder-column-4 fusion_builder_column_1_3 1_3 fusion-flex-column\" style=\"--awb-bg-size:cover;--awb-width-large:33.333333333333%;--awb-margin-top-large:0px;--awb-spacing-right-large:5.76%;--awb-margin-bottom-large:20px;--awb-spacing-left-large:5.76%;--awb-width-medium:100%;--awb-order-medium:0;--awb-spacing-right-medium:1.92%;--awb-spacing-left-medium:1.92%;--awb-width-small:100%;--awb-order-small:0;--awb-spacing-right-small:1.92%;--awb-spacing-left-small:1.92%;\"><div class=\"fusion-column-wrapper fusion-column-has-shadow fusion-flex-justify-content-flex-start fusion-content-layout-column\"><div class=\"fusion-image-element\" style=\"--awb-caption-title-font-family:var(--h2_typography-font-family);--awb-caption-title-font-weight:var(--h2_typography-font-weight);--awb-caption-title-font-style:var(--h2_typography-font-style);--awb-caption-title-size:var(--h2_typography-font-size);--awb-caption-title-transform:var(--h2_typography-text-transform);--awb-caption-title-line-height:var(--h2_typography-line-height);--awb-caption-title-letter-spacing:var(--h2_typography-letter-spacing);\"><span class=\" fusion-imageframe imageframe-none imageframe-3 hover-type-none\"><img decoding=\"async\" width=\"850\" height=\"638\" alt=\"SPAR TORREFARRERA 217 SALA DE VENTAS 02\" title=\"TORREFARRERA-217-PASILLO\" src=\"https:\/\/www.fragadis.es\/wp-content\/uploads\/2023\/12\/TORREFARRERA-217-PASILLO.jpg\" data-orig-src=\"https:\/\/www.fragadis.es\/wp-content\/uploads\/2023\/12\/TORREFARRERA-217-PASILLO.jpg\" class=\"lazyload img-responsive wp-image-20506\" srcset=\"data:image\/svg+xml,%3Csvg%20xmlns%3D%27http%3A%2F%2Fwww.w3.org%2F2000%2Fsvg%27%20width%3D%27850%27%20height%3D%27638%27%20viewBox%3D%270%200%20850%20638%27%3E%3Crect%20width%3D%27850%27%20height%3D%27638%27%20fill-opacity%3D%220%22%2F%3E%3C%2Fsvg%3E\" data-srcset=\"https:\/\/www.fragadis.es\/wp-content\/uploads\/2023\/12\/TORREFARRERA-217-PASILLO-200x150.jpg 200w, https:\/\/www.fragadis.es\/wp-content\/uploads\/2023\/12\/TORREFARRERA-217-PASILLO-400x300.jpg 400w, https:\/\/www.fragadis.es\/wp-content\/uploads\/2023\/12\/TORREFARRERA-217-PASILLO-600x450.jpg 600w, https:\/\/www.fragadis.es\/wp-content\/uploads\/2023\/12\/TORREFARRERA-217-PASILLO-800x600.jpg 800w, https:\/\/www.fragadis.es\/wp-content\/uploads\/2023\/12\/TORREFARRERA-217-PASILLO.jpg 850w\" data-sizes=\"auto\" data-orig-sizes=\"(max-width: 1024px) 100vw, (max-width: 640px) 100vw, 400px\" \/><\/span><\/div><\/div><\/div><\/div><\/div><\/p>\n","protected":false},"excerpt":{"rendered":"","protected":false},"author":3,"featured_media":20500,"comment_status":"open","ping_status":"open","sticky":false,"template":"","format":"standard","meta":{"footnotes":""},"categories":[75],"tags":[458,459,457],"class_list":["post-17703","post","type-post","status-publish","format-standard","has-post-thumbnail","hentry","category-noticias","tag-comprar-en-torrefarrera","tag-super-torrefarrera","tag-supermercado-en-torrefarrera"],"yoast_head":"<!-- This site is optimized with the Yoast SEO Premium plugin v28.2 (Yoast SEO v28.2) - https:\/\/yoast.com\/product\/yoast-seo-premium-wordpress\/ -->\n<title>Estrenamos 2022 con un nuevo SPAR en Torrefarrera - Fragadis<\/title>\n<meta name=\"robots\" content=\"index, follow, max-snippet:-1, max-image-preview:large, max-video-preview:-1\" \/>\n<link rel=\"canonical\" href=\"https:\/\/www.fragadis.es\/es\/spar-torrefarrera\/\" \/>\n<meta property=\"og:locale\" content=\"es_ES\" \/>\n<meta property=\"og:type\" content=\"article\" \/>\n<meta property=\"og:title\" content=\"Estrenamos 2022 con un nuevo SPAR en Torrefarrera\" \/>\n<meta property=\"og:url\" content=\"https:\/\/www.fragadis.es\/es\/spar-torrefarrera\/\" \/>\n<meta property=\"og:site_name\" content=\"Fragadis\" \/>\n<meta property=\"article:publisher\" content=\"https:\/\/www.facebook.com\/Spar.Club.Fragadis\" \/>\n<meta property=\"article:published_time\" content=\"2022-02-10T09:56:05+00:00\" \/>\n<meta property=\"article:modified_time\" content=\"2023-12-13T16:54:42+00:00\" \/>\n<meta property=\"og:image\" content=\"https:\/\/www.fragadis.es\/wp-content\/uploads\/2023\/12\/TORREFARRERA-217-FACHADA.jpg\" \/>\n\t<meta property=\"og:image:width\" content=\"850\" \/>\n\t<meta property=\"og:image:height\" content=\"638\" \/>\n\t<meta property=\"og:image:type\" content=\"image\/jpeg\" \/>\n<meta name=\"author\" content=\"Carlos\" \/>\n<meta name=\"twitter:card\" content=\"summary_large_image\" \/>\n<meta name=\"twitter:label1\" content=\"Escrito por\" \/>\n\t<meta name=\"twitter:data1\" content=\"Carlos\" \/>\n\t<meta name=\"twitter:label2\" content=\"Tiempo de lectura\" \/>\n\t<meta name=\"twitter:data2\" content=\"6 minutos\" \/>\n<script type=\"application\/ld+json\" class=\"yoast-schema-graph\">{\"@context\":\"https:\\\/\\\/schema.org\",\"@graph\":[{\"@type\":\"Article\",\"@id\":\"https:\\\/\\\/www.fragadis.es\\\/es\\\/spar-torrefarrera\\\/#article\",\"isPartOf\":{\"@id\":\"https:\\\/\\\/www.fragadis.es\\\/es\\\/spar-torrefarrera\\\/\"},\"author\":{\"name\":\"Carlos\",\"@id\":\"https:\\\/\\\/www.fragadis.es\\\/es\\\/#\\\/schema\\\/person\\\/a0bb30fea30f22f5621f437567dd3424\"},\"headline\":\"Estrenamos 2022 con un nuevo SPAR en Torrefarrera\",\"datePublished\":\"2022-02-10T09:56:05+00:00\",\"dateModified\":\"2023-12-13T16:54:42+00:00\",\"mainEntityOfPage\":{\"@id\":\"https:\\\/\\\/www.fragadis.es\\\/es\\\/spar-torrefarrera\\\/\"},\"wordCount\":2817,\"commentCount\":0,\"publisher\":{\"@id\":\"https:\\\/\\\/www.fragadis.es\\\/es\\\/#organization\"},\"image\":{\"@id\":\"https:\\\/\\\/www.fragadis.es\\\/es\\\/spar-torrefarrera\\\/#primaryimage\"},\"thumbnailUrl\":\"https:\\\/\\\/www.fragadis.es\\\/wp-content\\\/uploads\\\/2023\\\/12\\\/TORREFARRERA-217-FACHADA.jpg\",\"keywords\":[\"comprar en torrefarrera\",\"super torrefarrera\",\"supermercado en torrefarrera\"],\"articleSection\":[\"Noticias\"],\"inLanguage\":\"es\",\"potentialAction\":[{\"@type\":\"CommentAction\",\"name\":\"Comment\",\"target\":[\"https:\\\/\\\/www.fragadis.es\\\/es\\\/spar-torrefarrera\\\/#respond\"]}]},{\"@type\":\"WebPage\",\"@id\":\"https:\\\/\\\/www.fragadis.es\\\/es\\\/spar-torrefarrera\\\/\",\"url\":\"https:\\\/\\\/www.fragadis.es\\\/es\\\/spar-torrefarrera\\\/\",\"name\":\"Estrenamos 2022 con un nuevo SPAR en Torrefarrera - Fragadis\",\"isPartOf\":{\"@id\":\"https:\\\/\\\/www.fragadis.es\\\/es\\\/#website\"},\"primaryImageOfPage\":{\"@id\":\"https:\\\/\\\/www.fragadis.es\\\/es\\\/spar-torrefarrera\\\/#primaryimage\"},\"image\":{\"@id\":\"https:\\\/\\\/www.fragadis.es\\\/es\\\/spar-torrefarrera\\\/#primaryimage\"},\"thumbnailUrl\":\"https:\\\/\\\/www.fragadis.es\\\/wp-content\\\/uploads\\\/2023\\\/12\\\/TORREFARRERA-217-FACHADA.jpg\",\"datePublished\":\"2022-02-10T09:56:05+00:00\",\"dateModified\":\"2023-12-13T16:54:42+00:00\",\"breadcrumb\":{\"@id\":\"https:\\\/\\\/www.fragadis.es\\\/es\\\/spar-torrefarrera\\\/#breadcrumb\"},\"inLanguage\":\"es\",\"potentialAction\":[{\"@type\":\"ReadAction\",\"target\":[\"https:\\\/\\\/www.fragadis.es\\\/es\\\/spar-torrefarrera\\\/\"]}]},{\"@type\":\"ImageObject\",\"inLanguage\":\"es\",\"@id\":\"https:\\\/\\\/www.fragadis.es\\\/es\\\/spar-torrefarrera\\\/#primaryimage\",\"url\":\"https:\\\/\\\/www.fragadis.es\\\/wp-content\\\/uploads\\\/2023\\\/12\\\/TORREFARRERA-217-FACHADA.jpg\",\"contentUrl\":\"https:\\\/\\\/www.fragadis.es\\\/wp-content\\\/uploads\\\/2023\\\/12\\\/TORREFARRERA-217-FACHADA.jpg\",\"width\":850,\"height\":638,\"caption\":\"SPAR TORREFARRERA 217 FACHADA\"},{\"@type\":\"BreadcrumbList\",\"@id\":\"https:\\\/\\\/www.fragadis.es\\\/es\\\/spar-torrefarrera\\\/#breadcrumb\",\"itemListElement\":[{\"@type\":\"ListItem\",\"position\":1,\"name\":\"Home\",\"item\":\"https:\\\/\\\/www.fragadis.es\\\/es\\\/\"},{\"@type\":\"ListItem\",\"position\":2,\"name\":\"Estrenamos 2022 con un nuevo SPAR en Torrefarrera\"}]},{\"@type\":\"WebSite\",\"@id\":\"https:\\\/\\\/www.fragadis.es\\\/es\\\/#website\",\"url\":\"https:\\\/\\\/www.fragadis.es\\\/es\\\/\",\"name\":\"Fragadis\",\"description\":\"Supermercados, con m\u00e1s de 180 tiendas en Catalu\u00f1a, Huesca, Castell\u00f3n, Valencia y Alicante\",\"publisher\":{\"@id\":\"https:\\\/\\\/www.fragadis.es\\\/es\\\/#organization\"},\"potentialAction\":[{\"@type\":\"SearchAction\",\"target\":{\"@type\":\"EntryPoint\",\"urlTemplate\":\"https:\\\/\\\/www.fragadis.es\\\/es\\\/?s={search_term_string}\"},\"query-input\":{\"@type\":\"PropertyValueSpecification\",\"valueRequired\":true,\"valueName\":\"search_term_string\"}}],\"inLanguage\":\"es\"},{\"@type\":\"Organization\",\"@id\":\"https:\\\/\\\/www.fragadis.es\\\/es\\\/#organization\",\"name\":\"Fragadis\",\"url\":\"https:\\\/\\\/www.fragadis.es\\\/es\\\/\",\"logo\":{\"@type\":\"ImageObject\",\"inLanguage\":\"es\",\"@id\":\"https:\\\/\\\/www.fragadis.es\\\/es\\\/#\\\/schema\\\/logo\\\/image\\\/\",\"url\":\"https:\\\/\\\/www.fragadis.es\\\/wp-content\\\/uploads\\\/2023\\\/07\\\/logo-fragadis.png\",\"contentUrl\":\"https:\\\/\\\/www.fragadis.es\\\/wp-content\\\/uploads\\\/2023\\\/07\\\/logo-fragadis.png\",\"width\":1435,\"height\":321,\"caption\":\"Fragadis\"},\"image\":{\"@id\":\"https:\\\/\\\/www.fragadis.es\\\/es\\\/#\\\/schema\\\/logo\\\/image\\\/\"},\"sameAs\":[\"https:\\\/\\\/www.facebook.com\\\/Spar.Club.Fragadis\",\"https:\\\/\\\/www.instagram.com\\\/spar.club.fragadis\\\/\"]},{\"@type\":\"Person\",\"@id\":\"https:\\\/\\\/www.fragadis.es\\\/es\\\/#\\\/schema\\\/person\\\/a0bb30fea30f22f5621f437567dd3424\",\"name\":\"Carlos\",\"image\":{\"@type\":\"ImageObject\",\"inLanguage\":\"es\",\"@id\":\"https:\\\/\\\/secure.gravatar.com\\\/avatar\\\/6baddd41ade89ab65d95aa3de3ed14e72de78345911d8ac5855fa083aa4f78e3?s=96&d=mm&r=g\",\"url\":\"https:\\\/\\\/secure.gravatar.com\\\/avatar\\\/6baddd41ade89ab65d95aa3de3ed14e72de78345911d8ac5855fa083aa4f78e3?s=96&d=mm&r=g\",\"contentUrl\":\"https:\\\/\\\/secure.gravatar.com\\\/avatar\\\/6baddd41ade89ab65d95aa3de3ed14e72de78345911d8ac5855fa083aa4f78e3?s=96&d=mm&r=g\",\"caption\":\"Carlos\"},\"url\":\"https:\\\/\\\/www.fragadis.es\\\/es\\\/author\\\/carlos\\\/\"}]}<\/script>\n<!-- \/ Yoast SEO Premium plugin. -->","yoast_head_json":{"title":"Estrenamos 2022 con un nuevo SPAR en Torrefarrera - Fragadis","robots":{"index":"index","follow":"follow","max-snippet":"max-snippet:-1","max-image-preview":"max-image-preview:large","max-video-preview":"max-video-preview:-1"},"canonical":"https:\/\/www.fragadis.es\/es\/spar-torrefarrera\/","og_locale":"es_ES","og_type":"article","og_title":"Estrenamos 2022 con un nuevo SPAR en Torrefarrera","og_url":"https:\/\/www.fragadis.es\/es\/spar-torrefarrera\/","og_site_name":"Fragadis","article_publisher":"https:\/\/www.facebook.com\/Spar.Club.Fragadis","article_published_time":"2022-02-10T09:56:05+00:00","article_modified_time":"2023-12-13T16:54:42+00:00","og_image":[{"width":850,"height":638,"url":"https:\/\/www.fragadis.es\/wp-content\/uploads\/2023\/12\/TORREFARRERA-217-FACHADA.jpg","type":"image\/jpeg"}],"author":"Carlos","twitter_card":"summary_large_image","twitter_misc":{"Escrito por":"Carlos","Tiempo de lectura":"6 minutos"},"schema":{"@context":"https:\/\/schema.org","@graph":[{"@type":"Article","@id":"https:\/\/www.fragadis.es\/es\/spar-torrefarrera\/#article","isPartOf":{"@id":"https:\/\/www.fragadis.es\/es\/spar-torrefarrera\/"},"author":{"name":"Carlos","@id":"https:\/\/www.fragadis.es\/es\/#\/schema\/person\/a0bb30fea30f22f5621f437567dd3424"},"headline":"Estrenamos 2022 con un nuevo SPAR en Torrefarrera","datePublished":"2022-02-10T09:56:05+00:00","dateModified":"2023-12-13T16:54:42+00:00","mainEntityOfPage":{"@id":"https:\/\/www.fragadis.es\/es\/spar-torrefarrera\/"},"wordCount":2817,"commentCount":0,"publisher":{"@id":"https:\/\/www.fragadis.es\/es\/#organization"},"image":{"@id":"https:\/\/www.fragadis.es\/es\/spar-torrefarrera\/#primaryimage"},"thumbnailUrl":"https:\/\/www.fragadis.es\/wp-content\/uploads\/2023\/12\/TORREFARRERA-217-FACHADA.jpg","keywords":["comprar en torrefarrera","super torrefarrera","supermercado en torrefarrera"],"articleSection":["Noticias"],"inLanguage":"es","potentialAction":[{"@type":"CommentAction","name":"Comment","target":["https:\/\/www.fragadis.es\/es\/spar-torrefarrera\/#respond"]}]},{"@type":"WebPage","@id":"https:\/\/www.fragadis.es\/es\/spar-torrefarrera\/","url":"https:\/\/www.fragadis.es\/es\/spar-torrefarrera\/","name":"Estrenamos 2022 con un nuevo SPAR en Torrefarrera - Fragadis","isPartOf":{"@id":"https:\/\/www.fragadis.es\/es\/#website"},"primaryImageOfPage":{"@id":"https:\/\/www.fragadis.es\/es\/spar-torrefarrera\/#primaryimage"},"image":{"@id":"https:\/\/www.fragadis.es\/es\/spar-torrefarrera\/#primaryimage"},"thumbnailUrl":"https:\/\/www.fragadis.es\/wp-content\/uploads\/2023\/12\/TORREFARRERA-217-FACHADA.jpg","datePublished":"2022-02-10T09:56:05+00:00","dateModified":"2023-12-13T16:54:42+00:00","breadcrumb":{"@id":"https:\/\/www.fragadis.es\/es\/spar-torrefarrera\/#breadcrumb"},"inLanguage":"es","potentialAction":[{"@type":"ReadAction","target":["https:\/\/www.fragadis.es\/es\/spar-torrefarrera\/"]}]},{"@type":"ImageObject","inLanguage":"es","@id":"https:\/\/www.fragadis.es\/es\/spar-torrefarrera\/#primaryimage","url":"https:\/\/www.fragadis.es\/wp-content\/uploads\/2023\/12\/TORREFARRERA-217-FACHADA.jpg","contentUrl":"https:\/\/www.fragadis.es\/wp-content\/uploads\/2023\/12\/TORREFARRERA-217-FACHADA.jpg","width":850,"height":638,"caption":"SPAR TORREFARRERA 217 FACHADA"},{"@type":"BreadcrumbList","@id":"https:\/\/www.fragadis.es\/es\/spar-torrefarrera\/#breadcrumb","itemListElement":[{"@type":"ListItem","position":1,"name":"Home","item":"https:\/\/www.fragadis.es\/es\/"},{"@type":"ListItem","position":2,"name":"Estrenamos 2022 con un nuevo SPAR en Torrefarrera"}]},{"@type":"WebSite","@id":"https:\/\/www.fragadis.es\/es\/#website","url":"https:\/\/www.fragadis.es\/es\/","name":"Fragadis","description":"Supermercados, con m\u00e1s de 180 tiendas en Catalu\u00f1a, Huesca, Castell\u00f3n, Valencia y Alicante","publisher":{"@id":"https:\/\/www.fragadis.es\/es\/#organization"},"potentialAction":[{"@type":"SearchAction","target":{"@type":"EntryPoint","urlTemplate":"https:\/\/www.fragadis.es\/es\/?s={search_term_string}"},"query-input":{"@type":"PropertyValueSpecification","valueRequired":true,"valueName":"search_term_string"}}],"inLanguage":"es"},{"@type":"Organization","@id":"https:\/\/www.fragadis.es\/es\/#organization","name":"Fragadis","url":"https:\/\/www.fragadis.es\/es\/","logo":{"@type":"ImageObject","inLanguage":"es","@id":"https:\/\/www.fragadis.es\/es\/#\/schema\/logo\/image\/","url":"https:\/\/www.fragadis.es\/wp-content\/uploads\/2023\/07\/logo-fragadis.png","contentUrl":"https:\/\/www.fragadis.es\/wp-content\/uploads\/2023\/07\/logo-fragadis.png","width":1435,"height":321,"caption":"Fragadis"},"image":{"@id":"https:\/\/www.fragadis.es\/es\/#\/schema\/logo\/image\/"},"sameAs":["https:\/\/www.facebook.com\/Spar.Club.Fragadis","https:\/\/www.instagram.com\/spar.club.fragadis\/"]},{"@type":"Person","@id":"https:\/\/www.fragadis.es\/es\/#\/schema\/person\/a0bb30fea30f22f5621f437567dd3424","name":"Carlos","image":{"@type":"ImageObject","inLanguage":"es","@id":"https:\/\/secure.gravatar.com\/avatar\/6baddd41ade89ab65d95aa3de3ed14e72de78345911d8ac5855fa083aa4f78e3?s=96&d=mm&r=g","url":"https:\/\/secure.gravatar.com\/avatar\/6baddd41ade89ab65d95aa3de3ed14e72de78345911d8ac5855fa083aa4f78e3?s=96&d=mm&r=g","contentUrl":"https:\/\/secure.gravatar.com\/avatar\/6baddd41ade89ab65d95aa3de3ed14e72de78345911d8ac5855fa083aa4f78e3?s=96&d=mm&r=g","caption":"Carlos"},"url":"https:\/\/www.fragadis.es\/es\/author\/carlos\/"}]}},"_links":{"self":[{"href":"https:\/\/www.fragadis.es\/es\/wp-json\/wp\/v2\/posts\/17703","targetHints":{"allow":["GET"]}}],"collection":[{"href":"https:\/\/www.fragadis.es\/es\/wp-json\/wp\/v2\/posts"}],"about":[{"href":"https:\/\/www.fragadis.es\/es\/wp-json\/wp\/v2\/types\/post"}],"author":[{"embeddable":true,"href":"https:\/\/www.fragadis.es\/es\/wp-json\/wp\/v2\/users\/3"}],"replies":[{"embeddable":true,"href":"https:\/\/www.fragadis.es\/es\/wp-json\/wp\/v2\/comments?post=17703"}],"version-history":[{"count":3,"href":"https:\/\/www.fragadis.es\/es\/wp-json\/wp\/v2\/posts\/17703\/revisions"}],"predecessor-version":[{"id":20510,"href":"https:\/\/www.fragadis.es\/es\/wp-json\/wp\/v2\/posts\/17703\/revisions\/20510"}],"wp:featuredmedia":[{"embeddable":true,"href":"https:\/\/www.fragadis.es\/es\/wp-json\/wp\/v2\/media\/20500"}],"wp:attachment":[{"href":"https:\/\/www.fragadis.es\/es\/wp-json\/wp\/v2\/media?parent=17703"}],"wp:term":[{"taxonomy":"category","embeddable":true,"href":"https:\/\/www.fragadis.es\/es\/wp-json\/wp\/v2\/categories?post=17703"},{"taxonomy":"post_tag","embeddable":true,"href":"https:\/\/www.fragadis.es\/es\/wp-json\/wp\/v2\/tags?post=17703"}],"curies":[{"name":"wp","href":"https:\/\/api.w.org\/{rel}","templated":true}]}}