{"id":21603,"date":"2024-05-03T08:58:57","date_gmt":"2024-05-03T06:58:57","guid":{"rendered":"https:\/\/www.fragadis.es\/?p=21603"},"modified":"2024-05-23T09:09:06","modified_gmt":"2024-05-23T07:09:06","slug":"inauguramos-eurospar-gandesa","status":"publish","type":"post","link":"https:\/\/www.fragadis.es\/es\/inauguramos-eurospar-gandesa\/","title":{"rendered":"Fragadis inaugura EUROSPAR en Gandesa"},"content":{"rendered":"<p><div class=\"fusion-fullwidth fullwidth-box fusion-builder-row-1 fusion-flex-container has-pattern-background has-mask-background nonhundred-percent-fullwidth non-hundred-percent-height-scrolling\" style=\"--awb-border-radius-top-left:0px;--awb-border-radius-top-right:0px;--awb-border-radius-bottom-right:0px;--awb-border-radius-bottom-left:0px;--awb-margin-bottom:30px;--awb-flex-wrap:wrap;\" ><div class=\"fusion-builder-row fusion-row fusion-flex-align-items-flex-start fusion-flex-content-wrap\" style=\"max-width:1248px;margin-left: calc(-4% \/ 2 );margin-right: calc(-4% \/ 2 );\"><div class=\"fusion-layout-column fusion_builder_column fusion-builder-column-0 fusion_builder_column_1_1 1_1 fusion-flex-column\" style=\"--awb-bg-blend:overlay;--awb-bg-size:cover;--awb-width-large:100%;--awb-margin-top-large:0px;--awb-spacing-right-large:1.92%;--awb-margin-bottom-large:20px;--awb-spacing-left-large:1.92%;--awb-width-medium:100%;--awb-spacing-right-medium:1.92%;--awb-spacing-left-medium:1.92%;--awb-width-small:100%;--awb-spacing-right-small:1.92%;--awb-spacing-left-small:1.92%;\"><div class=\"fusion-column-wrapper fusion-flex-justify-content-flex-start fusion-content-layout-column\"><div class=\"fusion-title title fusion-title-1 fusion-sep-none fusion-title-text fusion-title-size-one\" style=\"--awb-margin-top-small:10px;--awb-margin-right-small:0px;--awb-margin-bottom-small:10px;--awb-margin-left-small:0px;\"><h1 class=\"fusion-title-heading title-heading-left fusion-responsive-typography-calculated\" style=\"margin:0;--fontSize:33;line-height:1.45;\"><strong>Fragadis inaugura EUROSPAR en Gandesa<\/strong><\/h1><\/div><div class=\"fusion-section-separator section-separator triangle fusion-section-separator-1\" style=\"--awb-border-bottom:2px solid #8bc34a;--awb-spacer-height:2px;--awb-svg-margin-left:1.92%;--awb-svg-margin-right:1.92%;--awb-svg-margin-left-medium:1.92%;--awb-svg-margin-right-medium:1.92%;--awb-svg-margin-left-small:1.92%;--awb-svg-margin-right-small:1.92%;--awb-icon-color:#ffffff;--awb-icon-top:auto;--awb-icon-bottom:-12px;\"><div class=\"fusion-section-separator-svg\"><div class=\"divider-candy-arrow bottom\" style=\"top:2px;border-top-color: #8bc34a;\"><\/div><div class=\"divider-candy bottom\" style=\"bottom:-22px;border-bottom:1px solid #8bc34a;border-left:1px solid #8bc34a;\"><\/div><\/div><div class=\"fusion-section-separator-spacer\"><div class=\"fusion-section-separator-spacer-height\"><\/div><\/div><\/div><\/div><\/div><\/div><\/div><div class=\"fusion-fullwidth fullwidth-box fusion-builder-row-2 fusion-flex-container nonhundred-percent-fullwidth non-hundred-percent-height-scrolling\" style=\"--awb-border-radius-top-left:0px;--awb-border-radius-top-right:0px;--awb-border-radius-bottom-right:0px;--awb-border-radius-bottom-left:0px;--awb-flex-wrap:wrap;\" ><div class=\"fusion-builder-row fusion-row fusion-flex-align-items-flex-start fusion-flex-content-wrap\" style=\"max-width:1248px;margin-left: calc(-4% \/ 2 );margin-right: calc(-4% \/ 2 );\"><div class=\"fusion-layout-column fusion_builder_column fusion-builder-column-1 fusion_builder_column_1_1 1_1 fusion-flex-column\" style=\"--awb-bg-size:cover;--awb-width-large:100%;--awb-margin-top-large:0px;--awb-spacing-right-large:1.92%;--awb-margin-bottom-large:20px;--awb-spacing-left-large:1.92%;--awb-width-medium:100%;--awb-order-medium:0;--awb-spacing-right-medium:1.92%;--awb-spacing-left-medium:1.92%;--awb-width-small:100%;--awb-order-small:0;--awb-spacing-right-small:1.92%;--awb-spacing-left-small:1.92%;\" data-scroll-devices=\"small-visibility,medium-visibility,large-visibility\"><div class=\"fusion-column-wrapper fusion-column-has-shadow fusion-flex-justify-content-flex-start fusion-content-layout-column\"><div class=\"fusion-text fusion-text-1\" style=\"--awb-text-transform:none;\"><p>Fragadis inaugura el 9 de mayo un nuevo supermercado Eurospar en la localidad tarraconense de Gandesa. La empresa, que ya contaba con un establecimiento Spar en la localidad, ante la creciente demanda por un supermercado de mayores dimensiones ha optado por la instalaci\u00f3n de un nuevo supermercado Eurospar. El nuevo supermercado se encuentra situado contiguamente al anterior establecimiento, en la Carretera de Vilalba esquina con la calle Corbera, y ser\u00e1 el trig\u00e9simo segundo establecimiento de la marca en la zona de les Terres de l\u2019Ebre.<\/p>\n<p>El supermercado cuenta con una superficie de 1.100 m2, adem\u00e1s de un parking que contar\u00e1 a la finalizaci\u00f3n del proyecto con hasta 60 plazas de aparcamiento y 2 cargadores de coches el\u00e9ctricos, para comodidad de todos los clientes a la hora de realizar sus compras.<\/p>\n<p>La puesta en marcha del nuevo supermercado EUROSPAR de Gandesa ha supuesto tambi\u00e9n la contrataci\u00f3n de una plantilla de 16 trabajadores compuesta en su mayor\u00eda por personal de la poblaci\u00f3n y municipios aleda\u00f1os al territorio de Gandesa. De esta manera la empresa contin\u00faa con su pol\u00edtica de contrataci\u00f3n de empleados aut\u00f3ctonos del territorio donde realiza su implantaci\u00f3n, dotando de esta manera a sus supermercados de personal conocedor del entorno y costumbres de la localidad y sus habitantes, favoreciendo a su vez a alcanzar un impacto directo y positivo en los \u00edndices de empleo del territorio.<\/p>\n<p>El nuevo establecimiento reunir\u00e1 a lo largo de sus 1.100 m2 de sala de ventas una amplia oferta de productos de reconocidas primeras marcas del mercado adem\u00e1s de la propia marca SPAR, que cuenta con una gran relaci\u00f3n calidad-precio. Adem\u00e1s, el supermercado cuenta con un amplio espacio dedicado a \u2018frutas y verduras\u2019 y una variada oferta en panader\u00eda y boller\u00eda. As\u00ed como una secci\u00f3n de carnicer\u00eda y charcuter\u00eda, donde se encontrar\u00e1n materias primas de primera calidad siempre dispensadas y manipuladas por profesionales altamente cualificados.<\/p>\n<p>En cuanto al aspecto conceptual, se trata de un supermercado de proximidad, moderno y funcional. Destaca el compromiso con las pol\u00edticas de ahorro energ\u00e9tico, mediante el uso de energ\u00edas y materiales respetuosos con el medio ambiente, integr\u00e1ndose de esta forma a la perfecci\u00f3n en el denominado sistema de \u2018tiendas ecoeficientes\u2019 en aras de lograr una mayor eficiencia energ\u00e9tica y medioambiental. La implantaci\u00f3n de estas medidas permite reducir significativamente el gasto energ\u00e9tico con respecto al de una tienda tradicional gracias a la instalaci\u00f3n de iluminaci\u00f3n tipo LED de bajo consumo y alta eficiencia y equipos de congeladores y murales de fr\u00edo de \u00faltima generaci\u00f3n, contando estos \u00faltimos con puertas de cristal dobles abatibles para evitar p\u00e9rdidas energ\u00e9ticas y mejorar la conservaci\u00f3n del producto.\u00a0<\/p>\n<p>Con este nuevo supermercado, Fragadis suma en su haber una nueva tienda continuando de esta forma con el modelo comercial basado en ofrecer a sus clientes un amplio surtido, calidad de producto y una excelente atenci\u00f3n con precios muy competitivos, siempre en un entorno c\u00f3modo y agradable.<\/p>\n<\/div><\/div><\/div><\/div><\/div><\/p>\n","protected":false},"excerpt":{"rendered":"","protected":false},"author":3,"featured_media":21706,"comment_status":"open","ping_status":"open","sticky":false,"template":"","format":"standard","meta":{"footnotes":""},"categories":[75],"tags":[],"class_list":["post-21603","post","type-post","status-publish","format-standard","has-post-thumbnail","hentry","category-noticias"],"yoast_head":"<!-- This site is optimized with the Yoast SEO Premium plugin v28.2 (Yoast SEO v28.2) - https:\/\/yoast.com\/product\/yoast-seo-premium-wordpress\/ -->\n<title>Fragadis inaugura EUROSPAR en Gandesa - Fragadis<\/title>\n<meta name=\"description\" content=\"Fragadis abre el 32o supermercado de la marca en les Terres de l&#039;Ebre\" \/>\n<meta name=\"robots\" content=\"index, follow, max-snippet:-1, max-image-preview:large, max-video-preview:-1\" \/>\n<link rel=\"canonical\" href=\"https:\/\/www.fragadis.es\/es\/inauguramos-eurospar-gandesa\/\" \/>\n<meta property=\"og:locale\" content=\"es_ES\" \/>\n<meta property=\"og:type\" content=\"article\" \/>\n<meta property=\"og:title\" content=\"Fragadis inaugura EUROSPAR en Gandesa\" \/>\n<meta property=\"og:description\" content=\"Fragadis abre el 32o supermercado de la marca en les Terres de l&#039;Ebre\" \/>\n<meta property=\"og:url\" content=\"https:\/\/www.fragadis.es\/es\/inauguramos-eurospar-gandesa\/\" \/>\n<meta property=\"og:site_name\" content=\"Fragadis\" \/>\n<meta property=\"article:publisher\" content=\"https:\/\/www.facebook.com\/Spar.Club.Fragadis\" \/>\n<meta property=\"article:published_time\" content=\"2024-05-03T06:58:57+00:00\" \/>\n<meta property=\"article:modified_time\" content=\"2024-05-23T07:09:06+00:00\" \/>\n<meta property=\"og:image\" content=\"https:\/\/www.fragadis.es\/wp-content\/uploads\/2024\/05\/275_GANDESA.jpg\" \/>\n\t<meta property=\"og:image:width\" content=\"1200\" \/>\n\t<meta property=\"og:image:height\" content=\"927\" \/>\n\t<meta property=\"og:image:type\" content=\"image\/jpeg\" \/>\n<meta name=\"author\" content=\"Carlos\" \/>\n<meta name=\"twitter:card\" content=\"summary_large_image\" \/>\n<meta name=\"twitter:label1\" content=\"Escrito por\" \/>\n\t<meta name=\"twitter:data1\" content=\"Carlos\" \/>\n\t<meta name=\"twitter:label2\" content=\"Tiempo de lectura\" \/>\n\t<meta name=\"twitter:data2\" content=\"3 minutos\" \/>\n<script type=\"application\/ld+json\" class=\"yoast-schema-graph\">{\"@context\":\"https:\\\/\\\/schema.org\",\"@graph\":[{\"@type\":\"Article\",\"@id\":\"https:\\\/\\\/www.fragadis.es\\\/es\\\/inauguramos-eurospar-gandesa\\\/#article\",\"isPartOf\":{\"@id\":\"https:\\\/\\\/www.fragadis.es\\\/es\\\/inauguramos-eurospar-gandesa\\\/\"},\"author\":{\"name\":\"Carlos\",\"@id\":\"https:\\\/\\\/www.fragadis.es\\\/es\\\/#\\\/schema\\\/person\\\/a0bb30fea30f22f5621f437567dd3424\"},\"headline\":\"Fragadis inaugura EUROSPAR en Gandesa\",\"datePublished\":\"2024-05-03T06:58:57+00:00\",\"dateModified\":\"2024-05-23T07:09:06+00:00\",\"mainEntityOfPage\":{\"@id\":\"https:\\\/\\\/www.fragadis.es\\\/es\\\/inauguramos-eurospar-gandesa\\\/\"},\"wordCount\":1615,\"commentCount\":0,\"publisher\":{\"@id\":\"https:\\\/\\\/www.fragadis.es\\\/es\\\/#organization\"},\"image\":{\"@id\":\"https:\\\/\\\/www.fragadis.es\\\/es\\\/inauguramos-eurospar-gandesa\\\/#primaryimage\"},\"thumbnailUrl\":\"https:\\\/\\\/www.fragadis.es\\\/wp-content\\\/uploads\\\/2024\\\/05\\\/275_GANDESA.jpg\",\"articleSection\":[\"Noticias\"],\"inLanguage\":\"es\",\"potentialAction\":[{\"@type\":\"CommentAction\",\"name\":\"Comment\",\"target\":[\"https:\\\/\\\/www.fragadis.es\\\/es\\\/inauguramos-eurospar-gandesa\\\/#respond\"]}]},{\"@type\":\"WebPage\",\"@id\":\"https:\\\/\\\/www.fragadis.es\\\/es\\\/inauguramos-eurospar-gandesa\\\/\",\"url\":\"https:\\\/\\\/www.fragadis.es\\\/es\\\/inauguramos-eurospar-gandesa\\\/\",\"name\":\"Fragadis inaugura EUROSPAR en Gandesa - Fragadis\",\"isPartOf\":{\"@id\":\"https:\\\/\\\/www.fragadis.es\\\/es\\\/#website\"},\"primaryImageOfPage\":{\"@id\":\"https:\\\/\\\/www.fragadis.es\\\/es\\\/inauguramos-eurospar-gandesa\\\/#primaryimage\"},\"image\":{\"@id\":\"https:\\\/\\\/www.fragadis.es\\\/es\\\/inauguramos-eurospar-gandesa\\\/#primaryimage\"},\"thumbnailUrl\":\"https:\\\/\\\/www.fragadis.es\\\/wp-content\\\/uploads\\\/2024\\\/05\\\/275_GANDESA.jpg\",\"datePublished\":\"2024-05-03T06:58:57+00:00\",\"dateModified\":\"2024-05-23T07:09:06+00:00\",\"description\":\"Fragadis abre el 32o supermercado de la marca en les Terres de l'Ebre\",\"breadcrumb\":{\"@id\":\"https:\\\/\\\/www.fragadis.es\\\/es\\\/inauguramos-eurospar-gandesa\\\/#breadcrumb\"},\"inLanguage\":\"es\",\"potentialAction\":[{\"@type\":\"ReadAction\",\"target\":[\"https:\\\/\\\/www.fragadis.es\\\/es\\\/inauguramos-eurospar-gandesa\\\/\"]}]},{\"@type\":\"ImageObject\",\"inLanguage\":\"es\",\"@id\":\"https:\\\/\\\/www.fragadis.es\\\/es\\\/inauguramos-eurospar-gandesa\\\/#primaryimage\",\"url\":\"https:\\\/\\\/www.fragadis.es\\\/wp-content\\\/uploads\\\/2024\\\/05\\\/275_GANDESA.jpg\",\"contentUrl\":\"https:\\\/\\\/www.fragadis.es\\\/wp-content\\\/uploads\\\/2024\\\/05\\\/275_GANDESA.jpg\",\"width\":1200,\"height\":927,\"caption\":\"Eurospar Gandesa\"},{\"@type\":\"BreadcrumbList\",\"@id\":\"https:\\\/\\\/www.fragadis.es\\\/es\\\/inauguramos-eurospar-gandesa\\\/#breadcrumb\",\"itemListElement\":[{\"@type\":\"ListItem\",\"position\":1,\"name\":\"Home\",\"item\":\"https:\\\/\\\/www.fragadis.es\\\/es\\\/\"},{\"@type\":\"ListItem\",\"position\":2,\"name\":\"Fragadis inaugura EUROSPAR en Gandesa\"}]},{\"@type\":\"WebSite\",\"@id\":\"https:\\\/\\\/www.fragadis.es\\\/es\\\/#website\",\"url\":\"https:\\\/\\\/www.fragadis.es\\\/es\\\/\",\"name\":\"Fragadis\",\"description\":\"Supermercados, con m\u00e1s de 180 tiendas en Catalu\u00f1a, Huesca, Castell\u00f3n, Valencia y Alicante\",\"publisher\":{\"@id\":\"https:\\\/\\\/www.fragadis.es\\\/es\\\/#organization\"},\"potentialAction\":[{\"@type\":\"SearchAction\",\"target\":{\"@type\":\"EntryPoint\",\"urlTemplate\":\"https:\\\/\\\/www.fragadis.es\\\/es\\\/?s={search_term_string}\"},\"query-input\":{\"@type\":\"PropertyValueSpecification\",\"valueRequired\":true,\"valueName\":\"search_term_string\"}}],\"inLanguage\":\"es\"},{\"@type\":\"Organization\",\"@id\":\"https:\\\/\\\/www.fragadis.es\\\/es\\\/#organization\",\"name\":\"Fragadis\",\"url\":\"https:\\\/\\\/www.fragadis.es\\\/es\\\/\",\"logo\":{\"@type\":\"ImageObject\",\"inLanguage\":\"es\",\"@id\":\"https:\\\/\\\/www.fragadis.es\\\/es\\\/#\\\/schema\\\/logo\\\/image\\\/\",\"url\":\"https:\\\/\\\/www.fragadis.es\\\/wp-content\\\/uploads\\\/2023\\\/07\\\/logo-fragadis.png\",\"contentUrl\":\"https:\\\/\\\/www.fragadis.es\\\/wp-content\\\/uploads\\\/2023\\\/07\\\/logo-fragadis.png\",\"width\":1435,\"height\":321,\"caption\":\"Fragadis\"},\"image\":{\"@id\":\"https:\\\/\\\/www.fragadis.es\\\/es\\\/#\\\/schema\\\/logo\\\/image\\\/\"},\"sameAs\":[\"https:\\\/\\\/www.facebook.com\\\/Spar.Club.Fragadis\",\"https:\\\/\\\/www.instagram.com\\\/spar.club.fragadis\\\/\"]},{\"@type\":\"Person\",\"@id\":\"https:\\\/\\\/www.fragadis.es\\\/es\\\/#\\\/schema\\\/person\\\/a0bb30fea30f22f5621f437567dd3424\",\"name\":\"Carlos\",\"image\":{\"@type\":\"ImageObject\",\"inLanguage\":\"es\",\"@id\":\"https:\\\/\\\/secure.gravatar.com\\\/avatar\\\/6baddd41ade89ab65d95aa3de3ed14e72de78345911d8ac5855fa083aa4f78e3?s=96&d=mm&r=g\",\"url\":\"https:\\\/\\\/secure.gravatar.com\\\/avatar\\\/6baddd41ade89ab65d95aa3de3ed14e72de78345911d8ac5855fa083aa4f78e3?s=96&d=mm&r=g\",\"contentUrl\":\"https:\\\/\\\/secure.gravatar.com\\\/avatar\\\/6baddd41ade89ab65d95aa3de3ed14e72de78345911d8ac5855fa083aa4f78e3?s=96&d=mm&r=g\",\"caption\":\"Carlos\"},\"url\":\"https:\\\/\\\/www.fragadis.es\\\/es\\\/author\\\/carlos\\\/\"}]}<\/script>\n<!-- \/ Yoast SEO Premium plugin. -->","yoast_head_json":{"title":"Fragadis inaugura EUROSPAR en Gandesa - Fragadis","description":"Fragadis abre el 32o supermercado de la marca en les Terres de l'Ebre","robots":{"index":"index","follow":"follow","max-snippet":"max-snippet:-1","max-image-preview":"max-image-preview:large","max-video-preview":"max-video-preview:-1"},"canonical":"https:\/\/www.fragadis.es\/es\/inauguramos-eurospar-gandesa\/","og_locale":"es_ES","og_type":"article","og_title":"Fragadis inaugura EUROSPAR en Gandesa","og_description":"Fragadis abre el 32o supermercado de la marca en les Terres de l'Ebre","og_url":"https:\/\/www.fragadis.es\/es\/inauguramos-eurospar-gandesa\/","og_site_name":"Fragadis","article_publisher":"https:\/\/www.facebook.com\/Spar.Club.Fragadis","article_published_time":"2024-05-03T06:58:57+00:00","article_modified_time":"2024-05-23T07:09:06+00:00","og_image":[{"width":1200,"height":927,"url":"https:\/\/www.fragadis.es\/wp-content\/uploads\/2024\/05\/275_GANDESA.jpg","type":"image\/jpeg"}],"author":"Carlos","twitter_card":"summary_large_image","twitter_misc":{"Escrito por":"Carlos","Tiempo de lectura":"3 minutos"},"schema":{"@context":"https:\/\/schema.org","@graph":[{"@type":"Article","@id":"https:\/\/www.fragadis.es\/es\/inauguramos-eurospar-gandesa\/#article","isPartOf":{"@id":"https:\/\/www.fragadis.es\/es\/inauguramos-eurospar-gandesa\/"},"author":{"name":"Carlos","@id":"https:\/\/www.fragadis.es\/es\/#\/schema\/person\/a0bb30fea30f22f5621f437567dd3424"},"headline":"Fragadis inaugura EUROSPAR en Gandesa","datePublished":"2024-05-03T06:58:57+00:00","dateModified":"2024-05-23T07:09:06+00:00","mainEntityOfPage":{"@id":"https:\/\/www.fragadis.es\/es\/inauguramos-eurospar-gandesa\/"},"wordCount":1615,"commentCount":0,"publisher":{"@id":"https:\/\/www.fragadis.es\/es\/#organization"},"image":{"@id":"https:\/\/www.fragadis.es\/es\/inauguramos-eurospar-gandesa\/#primaryimage"},"thumbnailUrl":"https:\/\/www.fragadis.es\/wp-content\/uploads\/2024\/05\/275_GANDESA.jpg","articleSection":["Noticias"],"inLanguage":"es","potentialAction":[{"@type":"CommentAction","name":"Comment","target":["https:\/\/www.fragadis.es\/es\/inauguramos-eurospar-gandesa\/#respond"]}]},{"@type":"WebPage","@id":"https:\/\/www.fragadis.es\/es\/inauguramos-eurospar-gandesa\/","url":"https:\/\/www.fragadis.es\/es\/inauguramos-eurospar-gandesa\/","name":"Fragadis inaugura EUROSPAR en Gandesa - Fragadis","isPartOf":{"@id":"https:\/\/www.fragadis.es\/es\/#website"},"primaryImageOfPage":{"@id":"https:\/\/www.fragadis.es\/es\/inauguramos-eurospar-gandesa\/#primaryimage"},"image":{"@id":"https:\/\/www.fragadis.es\/es\/inauguramos-eurospar-gandesa\/#primaryimage"},"thumbnailUrl":"https:\/\/www.fragadis.es\/wp-content\/uploads\/2024\/05\/275_GANDESA.jpg","datePublished":"2024-05-03T06:58:57+00:00","dateModified":"2024-05-23T07:09:06+00:00","description":"Fragadis abre el 32o supermercado de la marca en les Terres de l'Ebre","breadcrumb":{"@id":"https:\/\/www.fragadis.es\/es\/inauguramos-eurospar-gandesa\/#breadcrumb"},"inLanguage":"es","potentialAction":[{"@type":"ReadAction","target":["https:\/\/www.fragadis.es\/es\/inauguramos-eurospar-gandesa\/"]}]},{"@type":"ImageObject","inLanguage":"es","@id":"https:\/\/www.fragadis.es\/es\/inauguramos-eurospar-gandesa\/#primaryimage","url":"https:\/\/www.fragadis.es\/wp-content\/uploads\/2024\/05\/275_GANDESA.jpg","contentUrl":"https:\/\/www.fragadis.es\/wp-content\/uploads\/2024\/05\/275_GANDESA.jpg","width":1200,"height":927,"caption":"Eurospar Gandesa"},{"@type":"BreadcrumbList","@id":"https:\/\/www.fragadis.es\/es\/inauguramos-eurospar-gandesa\/#breadcrumb","itemListElement":[{"@type":"ListItem","position":1,"name":"Home","item":"https:\/\/www.fragadis.es\/es\/"},{"@type":"ListItem","position":2,"name":"Fragadis inaugura EUROSPAR en Gandesa"}]},{"@type":"WebSite","@id":"https:\/\/www.fragadis.es\/es\/#website","url":"https:\/\/www.fragadis.es\/es\/","name":"Fragadis","description":"Supermercados, con m\u00e1s de 180 tiendas en Catalu\u00f1a, Huesca, Castell\u00f3n, Valencia y Alicante","publisher":{"@id":"https:\/\/www.fragadis.es\/es\/#organization"},"potentialAction":[{"@type":"SearchAction","target":{"@type":"EntryPoint","urlTemplate":"https:\/\/www.fragadis.es\/es\/?s={search_term_string}"},"query-input":{"@type":"PropertyValueSpecification","valueRequired":true,"valueName":"search_term_string"}}],"inLanguage":"es"},{"@type":"Organization","@id":"https:\/\/www.fragadis.es\/es\/#organization","name":"Fragadis","url":"https:\/\/www.fragadis.es\/es\/","logo":{"@type":"ImageObject","inLanguage":"es","@id":"https:\/\/www.fragadis.es\/es\/#\/schema\/logo\/image\/","url":"https:\/\/www.fragadis.es\/wp-content\/uploads\/2023\/07\/logo-fragadis.png","contentUrl":"https:\/\/www.fragadis.es\/wp-content\/uploads\/2023\/07\/logo-fragadis.png","width":1435,"height":321,"caption":"Fragadis"},"image":{"@id":"https:\/\/www.fragadis.es\/es\/#\/schema\/logo\/image\/"},"sameAs":["https:\/\/www.facebook.com\/Spar.Club.Fragadis","https:\/\/www.instagram.com\/spar.club.fragadis\/"]},{"@type":"Person","@id":"https:\/\/www.fragadis.es\/es\/#\/schema\/person\/a0bb30fea30f22f5621f437567dd3424","name":"Carlos","image":{"@type":"ImageObject","inLanguage":"es","@id":"https:\/\/secure.gravatar.com\/avatar\/6baddd41ade89ab65d95aa3de3ed14e72de78345911d8ac5855fa083aa4f78e3?s=96&d=mm&r=g","url":"https:\/\/secure.gravatar.com\/avatar\/6baddd41ade89ab65d95aa3de3ed14e72de78345911d8ac5855fa083aa4f78e3?s=96&d=mm&r=g","contentUrl":"https:\/\/secure.gravatar.com\/avatar\/6baddd41ade89ab65d95aa3de3ed14e72de78345911d8ac5855fa083aa4f78e3?s=96&d=mm&r=g","caption":"Carlos"},"url":"https:\/\/www.fragadis.es\/es\/author\/carlos\/"}]}},"_links":{"self":[{"href":"https:\/\/www.fragadis.es\/es\/wp-json\/wp\/v2\/posts\/21603","targetHints":{"allow":["GET"]}}],"collection":[{"href":"https:\/\/www.fragadis.es\/es\/wp-json\/wp\/v2\/posts"}],"about":[{"href":"https:\/\/www.fragadis.es\/es\/wp-json\/wp\/v2\/types\/post"}],"author":[{"embeddable":true,"href":"https:\/\/www.fragadis.es\/es\/wp-json\/wp\/v2\/users\/3"}],"replies":[{"embeddable":true,"href":"https:\/\/www.fragadis.es\/es\/wp-json\/wp\/v2\/comments?post=21603"}],"version-history":[{"count":1,"href":"https:\/\/www.fragadis.es\/es\/wp-json\/wp\/v2\/posts\/21603\/revisions"}],"predecessor-version":[{"id":21607,"href":"https:\/\/www.fragadis.es\/es\/wp-json\/wp\/v2\/posts\/21603\/revisions\/21607"}],"wp:featuredmedia":[{"embeddable":true,"href":"https:\/\/www.fragadis.es\/es\/wp-json\/wp\/v2\/media\/21706"}],"wp:attachment":[{"href":"https:\/\/www.fragadis.es\/es\/wp-json\/wp\/v2\/media?parent=21603"}],"wp:term":[{"taxonomy":"category","embeddable":true,"href":"https:\/\/www.fragadis.es\/es\/wp-json\/wp\/v2\/categories?post=21603"},{"taxonomy":"post_tag","embeddable":true,"href":"https:\/\/www.fragadis.es\/es\/wp-json\/wp\/v2\/tags?post=21603"}],"curies":[{"name":"wp","href":"https:\/\/api.w.org\/{rel}","templated":true}]}}