{"id":21656,"date":"2024-05-17T12:45:16","date_gmt":"2024-05-17T10:45:16","guid":{"rendered":"https:\/\/www.fragadis.es\/?p=21656"},"modified":"2024-05-23T08:55:28","modified_gmt":"2024-05-23T06:55:28","slug":"inauguramos-eurospar-oliva","status":"publish","type":"post","link":"https:\/\/www.fragadis.es\/es\/inauguramos-eurospar-oliva\/","title":{"rendered":"Fragadis inaugura un nuevo EUROSPAR en Oliva"},"content":{"rendered":"<p><div class=\"fusion-fullwidth fullwidth-box fusion-builder-row-1 fusion-flex-container has-pattern-background has-mask-background nonhundred-percent-fullwidth non-hundred-percent-height-scrolling\" style=\"--awb-border-radius-top-left:0px;--awb-border-radius-top-right:0px;--awb-border-radius-bottom-right:0px;--awb-border-radius-bottom-left:0px;--awb-margin-bottom:30px;--awb-flex-wrap:wrap;\" ><div class=\"fusion-builder-row fusion-row fusion-flex-align-items-flex-start fusion-flex-content-wrap\" style=\"max-width:1248px;margin-left: calc(-4% \/ 2 );margin-right: calc(-4% \/ 2 );\"><div class=\"fusion-layout-column fusion_builder_column fusion-builder-column-0 fusion_builder_column_1_1 1_1 fusion-flex-column\" style=\"--awb-bg-blend:overlay;--awb-bg-size:cover;--awb-width-large:100%;--awb-margin-top-large:0px;--awb-spacing-right-large:1.92%;--awb-margin-bottom-large:20px;--awb-spacing-left-large:1.92%;--awb-width-medium:100%;--awb-spacing-right-medium:1.92%;--awb-spacing-left-medium:1.92%;--awb-width-small:100%;--awb-spacing-right-small:1.92%;--awb-spacing-left-small:1.92%;\"><div class=\"fusion-column-wrapper fusion-flex-justify-content-flex-start fusion-content-layout-column\"><div class=\"fusion-title title fusion-title-1 fusion-sep-none fusion-title-text fusion-title-size-one\" style=\"--awb-margin-top-small:10px;--awb-margin-right-small:0px;--awb-margin-bottom-small:10px;--awb-margin-left-small:0px;\"><h1 class=\"fusion-title-heading title-heading-left fusion-responsive-typography-calculated\" style=\"margin:0;--fontSize:33;line-height:1.45;\"><strong>Fragadis inaugura un nuevo EUROSPAR en Oliva<\/strong><\/h1><\/div><div class=\"fusion-section-separator section-separator triangle fusion-section-separator-1\" style=\"--awb-border-bottom:2px solid #8bc34a;--awb-spacer-height:2px;--awb-svg-margin-left:1.92%;--awb-svg-margin-right:1.92%;--awb-svg-margin-left-medium:1.92%;--awb-svg-margin-right-medium:1.92%;--awb-svg-margin-left-small:1.92%;--awb-svg-margin-right-small:1.92%;--awb-icon-color:#ffffff;--awb-icon-top:auto;--awb-icon-bottom:-12px;\"><div class=\"fusion-section-separator-svg\"><div class=\"divider-candy-arrow bottom\" style=\"top:2px;border-top-color: #8bc34a;\"><\/div><div class=\"divider-candy bottom\" style=\"bottom:-22px;border-bottom:1px solid #8bc34a;border-left:1px solid #8bc34a;\"><\/div><\/div><div class=\"fusion-section-separator-spacer\"><div class=\"fusion-section-separator-spacer-height\"><\/div><\/div><\/div><\/div><\/div><\/div><\/div><div class=\"fusion-fullwidth fullwidth-box fusion-builder-row-2 fusion-flex-container nonhundred-percent-fullwidth non-hundred-percent-height-scrolling\" style=\"--awb-border-radius-top-left:0px;--awb-border-radius-top-right:0px;--awb-border-radius-bottom-right:0px;--awb-border-radius-bottom-left:0px;--awb-flex-wrap:wrap;\" ><div class=\"fusion-builder-row fusion-row fusion-flex-align-items-flex-start fusion-flex-content-wrap\" style=\"max-width:1248px;margin-left: calc(-4% \/ 2 );margin-right: calc(-4% \/ 2 );\"><div class=\"fusion-layout-column fusion_builder_column fusion-builder-column-1 fusion_builder_column_1_1 1_1 fusion-flex-column\" style=\"--awb-bg-size:cover;--awb-width-large:100%;--awb-margin-top-large:0px;--awb-spacing-right-large:1.92%;--awb-margin-bottom-large:20px;--awb-spacing-left-large:1.92%;--awb-width-medium:100%;--awb-order-medium:0;--awb-spacing-right-medium:1.92%;--awb-spacing-left-medium:1.92%;--awb-width-small:100%;--awb-order-small:0;--awb-spacing-right-small:1.92%;--awb-spacing-left-small:1.92%;\" data-scroll-devices=\"small-visibility,medium-visibility,large-visibility\"><div class=\"fusion-column-wrapper fusion-column-has-shadow fusion-flex-justify-content-flex-start fusion-content-layout-column\"><div class=\"fusion-text fusion-text-1\" style=\"--awb-text-transform:none;\"><p>El 16 de mayo, Fragadis abrir\u00e1 un nuevo supermercado Eurospar en la poblaci\u00f3n de Oliva, Valencia. Esta localidad, que ya ten\u00eda un supermercado Spar, ahora contar\u00e1 con un nuevo establecimiento de mayores dimensiones bajo la marca Eurospar. El nuevo supermercado estar\u00e1 ubicado en la calle Pare Antoni Salelles n\u00famero 11 y ser\u00e1 el und\u00e9cimo de la marca en la provincia de Valencia.<\/p>\n<p>El supermercado cuenta con una superficie total de 2000 m2, de los cuales la mitad se dedican exclusivamente a la sala de ventas. Adem\u00e1s, para la comodidad de los clientes durante sus compras\u00a0pone a su disposici\u00f3n un parking de 20 plazas.<\/p>\n<p>La apertura de este nuevo supermercado EUROSPAR en Oliva tambi\u00e9n ha supuesto la contrataci\u00f3n de una plantilla de 15 trabajadores, en su mayor\u00eda residentes de Oliva y sus municipios cercanos. Esto refleja la pol\u00edtica de Fragadis de contrataci\u00f3n de empleados locales, lo que proporciona a su vez al supermercado un equipo \u00a0bien conocedor del entorno y las costumbres de la comunidad. Adem\u00e1s, esta pr\u00e1ctica contribuye positivamente a los niveles de empleo en la zona.<\/p>\n<p>El nuevo establecimiento ofrecer\u00e1 a lo largo de sus 900 m2 de sala de ventas una amplia selecci\u00f3n de productos de reconocidas marcas del mercado, as\u00ed como la propia marca SPAR, conocida por su excelente relaci\u00f3n calidad-precio. Tambi\u00e9n contar\u00e1 con un amplio espacio dedicado a frutas y verduras, una variada oferta en panader\u00eda y boller\u00eda, y una secci\u00f3n de carnicer\u00eda y charcuter\u00eda que ofrecer\u00e1 materias primas de alta calidad, gestionada por expertos profesionales.<\/p>\n<p>En t\u00e9rminos conceptuales, el supermercado se posiciona como un establecimiento de proximidad, moderno y funcional. Destaca su compromiso con pol\u00edticas de ahorro energ\u00e9tico, empleando energ\u00edas y materiales respetuosos con el medio ambiente. Esto se refleja en su integraci\u00f3n en el sistema de &#8216;tiendas ecoeficientes&#8217;, buscando alcanzar una mayor eficiencia energ\u00e9tica y medioambiental.<\/p>\n<p>La implementaci\u00f3n de estas medidas permite reducir significativamente el consumo energ\u00e9tico en comparaci\u00f3n con una tienda tradicional. Esto se logra a trav\u00e9s de la utilizaci\u00f3n de iluminaci\u00f3n LED de bajo consumo y alta eficiencia, as\u00ed como equipos de congelaci\u00f3n y refrigeraci\u00f3n de \u00faltima generaci\u00f3n. Estos \u00faltimos cuentan con puertas de cristal dobles abatibles, que evitan p\u00e9rdidas energ\u00e9ticas y mejoran la conservaci\u00f3n de los productos.<\/p>\n<p>Con la apertura de este nuevo supermercado, Fragadis suma su quinta inauguraci\u00f3n en lo que va del a\u00f1o, llegando as\u00ed a un total de 60 tiendas en la Comunidad Valenciana. Esto refuerza su compromiso con un modelo comercial centrado en ofrecer a los clientes una amplia variedad de productos, calidad y atenci\u00f3n excepcional, todo ello a precios altamente competitivos, en un entorno c\u00f3modo y agradable.<\/p>\n<\/div><\/div><\/div><\/div><\/div><\/p>\n","protected":false},"excerpt":{"rendered":"","protected":false},"author":3,"featured_media":21704,"comment_status":"open","ping_status":"open","sticky":false,"template":"","format":"standard","meta":{"footnotes":""},"categories":[75],"tags":[],"class_list":["post-21656","post","type-post","status-publish","format-standard","has-post-thumbnail","hentry","category-noticias"],"yoast_head":"<!-- This site is optimized with the Yoast SEO Premium plugin v28.2 (Yoast SEO v28.2) - https:\/\/yoast.com\/product\/yoast-seo-premium-wordpress\/ -->\n<title>Fragadis inaugura un nuevo EUROSPAR en Oliva - Fragadis<\/title>\n<meta name=\"description\" content=\"Fragadis alcanza las 60 tiendas en la Comunidad valenciana\" \/>\n<meta name=\"robots\" content=\"index, follow, max-snippet:-1, max-image-preview:large, max-video-preview:-1\" \/>\n<link rel=\"canonical\" href=\"https:\/\/www.fragadis.es\/es\/inauguramos-eurospar-oliva\/\" \/>\n<meta property=\"og:locale\" content=\"es_ES\" \/>\n<meta property=\"og:type\" content=\"article\" \/>\n<meta property=\"og:title\" content=\"Fragadis inaugura un nuevo EUROSPAR en Oliva\" \/>\n<meta property=\"og:description\" content=\"Fragadis alcanza las 60 tiendas en la Comunidad valenciana\" \/>\n<meta property=\"og:url\" content=\"https:\/\/www.fragadis.es\/es\/inauguramos-eurospar-oliva\/\" \/>\n<meta property=\"og:site_name\" content=\"Fragadis\" \/>\n<meta property=\"article:publisher\" content=\"https:\/\/www.facebook.com\/Spar.Club.Fragadis\" \/>\n<meta property=\"article:published_time\" content=\"2024-05-17T10:45:16+00:00\" \/>\n<meta property=\"article:modified_time\" content=\"2024-05-23T06:55:28+00:00\" \/>\n<meta property=\"og:image\" content=\"https:\/\/www.fragadis.es\/wp-content\/uploads\/2024\/05\/368_OLIVA.jpg\" \/>\n\t<meta property=\"og:image:width\" content=\"1200\" \/>\n\t<meta property=\"og:image:height\" content=\"882\" \/>\n\t<meta property=\"og:image:type\" content=\"image\/jpeg\" \/>\n<meta name=\"author\" content=\"Carlos\" \/>\n<meta name=\"twitter:card\" content=\"summary_large_image\" \/>\n<meta name=\"twitter:label1\" content=\"Escrito por\" \/>\n\t<meta name=\"twitter:data1\" content=\"Carlos\" \/>\n\t<meta name=\"twitter:label2\" content=\"Tiempo de lectura\" \/>\n\t<meta name=\"twitter:data2\" content=\"3 minutos\" \/>\n<script type=\"application\/ld+json\" class=\"yoast-schema-graph\">{\"@context\":\"https:\\\/\\\/schema.org\",\"@graph\":[{\"@type\":\"Article\",\"@id\":\"https:\\\/\\\/www.fragadis.es\\\/es\\\/inauguramos-eurospar-oliva\\\/#article\",\"isPartOf\":{\"@id\":\"https:\\\/\\\/www.fragadis.es\\\/es\\\/inauguramos-eurospar-oliva\\\/\"},\"author\":{\"name\":\"Carlos\",\"@id\":\"https:\\\/\\\/www.fragadis.es\\\/es\\\/#\\\/schema\\\/person\\\/a0bb30fea30f22f5621f437567dd3424\"},\"headline\":\"Fragadis inaugura un nuevo EUROSPAR en Oliva\",\"datePublished\":\"2024-05-17T10:45:16+00:00\",\"dateModified\":\"2024-05-23T06:55:28+00:00\",\"mainEntityOfPage\":{\"@id\":\"https:\\\/\\\/www.fragadis.es\\\/es\\\/inauguramos-eurospar-oliva\\\/\"},\"wordCount\":1573,\"commentCount\":0,\"publisher\":{\"@id\":\"https:\\\/\\\/www.fragadis.es\\\/es\\\/#organization\"},\"image\":{\"@id\":\"https:\\\/\\\/www.fragadis.es\\\/es\\\/inauguramos-eurospar-oliva\\\/#primaryimage\"},\"thumbnailUrl\":\"https:\\\/\\\/www.fragadis.es\\\/wp-content\\\/uploads\\\/2024\\\/05\\\/368_OLIVA.jpg\",\"articleSection\":[\"Noticias\"],\"inLanguage\":\"es\",\"potentialAction\":[{\"@type\":\"CommentAction\",\"name\":\"Comment\",\"target\":[\"https:\\\/\\\/www.fragadis.es\\\/es\\\/inauguramos-eurospar-oliva\\\/#respond\"]}]},{\"@type\":\"WebPage\",\"@id\":\"https:\\\/\\\/www.fragadis.es\\\/es\\\/inauguramos-eurospar-oliva\\\/\",\"url\":\"https:\\\/\\\/www.fragadis.es\\\/es\\\/inauguramos-eurospar-oliva\\\/\",\"name\":\"Fragadis inaugura un nuevo EUROSPAR en Oliva - Fragadis\",\"isPartOf\":{\"@id\":\"https:\\\/\\\/www.fragadis.es\\\/es\\\/#website\"},\"primaryImageOfPage\":{\"@id\":\"https:\\\/\\\/www.fragadis.es\\\/es\\\/inauguramos-eurospar-oliva\\\/#primaryimage\"},\"image\":{\"@id\":\"https:\\\/\\\/www.fragadis.es\\\/es\\\/inauguramos-eurospar-oliva\\\/#primaryimage\"},\"thumbnailUrl\":\"https:\\\/\\\/www.fragadis.es\\\/wp-content\\\/uploads\\\/2024\\\/05\\\/368_OLIVA.jpg\",\"datePublished\":\"2024-05-17T10:45:16+00:00\",\"dateModified\":\"2024-05-23T06:55:28+00:00\",\"description\":\"Fragadis alcanza las 60 tiendas en la Comunidad valenciana\",\"breadcrumb\":{\"@id\":\"https:\\\/\\\/www.fragadis.es\\\/es\\\/inauguramos-eurospar-oliva\\\/#breadcrumb\"},\"inLanguage\":\"es\",\"potentialAction\":[{\"@type\":\"ReadAction\",\"target\":[\"https:\\\/\\\/www.fragadis.es\\\/es\\\/inauguramos-eurospar-oliva\\\/\"]}]},{\"@type\":\"ImageObject\",\"inLanguage\":\"es\",\"@id\":\"https:\\\/\\\/www.fragadis.es\\\/es\\\/inauguramos-eurospar-oliva\\\/#primaryimage\",\"url\":\"https:\\\/\\\/www.fragadis.es\\\/wp-content\\\/uploads\\\/2024\\\/05\\\/368_OLIVA.jpg\",\"contentUrl\":\"https:\\\/\\\/www.fragadis.es\\\/wp-content\\\/uploads\\\/2024\\\/05\\\/368_OLIVA.jpg\",\"width\":1200,\"height\":882,\"caption\":\"Eurospar Oliva\"},{\"@type\":\"BreadcrumbList\",\"@id\":\"https:\\\/\\\/www.fragadis.es\\\/es\\\/inauguramos-eurospar-oliva\\\/#breadcrumb\",\"itemListElement\":[{\"@type\":\"ListItem\",\"position\":1,\"name\":\"Home\",\"item\":\"https:\\\/\\\/www.fragadis.es\\\/es\\\/\"},{\"@type\":\"ListItem\",\"position\":2,\"name\":\"Fragadis inaugura un nuevo EUROSPAR en Oliva\"}]},{\"@type\":\"WebSite\",\"@id\":\"https:\\\/\\\/www.fragadis.es\\\/es\\\/#website\",\"url\":\"https:\\\/\\\/www.fragadis.es\\\/es\\\/\",\"name\":\"Fragadis\",\"description\":\"Supermercados, con m\u00e1s de 180 tiendas en Catalu\u00f1a, Huesca, Castell\u00f3n, Valencia y Alicante\",\"publisher\":{\"@id\":\"https:\\\/\\\/www.fragadis.es\\\/es\\\/#organization\"},\"potentialAction\":[{\"@type\":\"SearchAction\",\"target\":{\"@type\":\"EntryPoint\",\"urlTemplate\":\"https:\\\/\\\/www.fragadis.es\\\/es\\\/?s={search_term_string}\"},\"query-input\":{\"@type\":\"PropertyValueSpecification\",\"valueRequired\":true,\"valueName\":\"search_term_string\"}}],\"inLanguage\":\"es\"},{\"@type\":\"Organization\",\"@id\":\"https:\\\/\\\/www.fragadis.es\\\/es\\\/#organization\",\"name\":\"Fragadis\",\"url\":\"https:\\\/\\\/www.fragadis.es\\\/es\\\/\",\"logo\":{\"@type\":\"ImageObject\",\"inLanguage\":\"es\",\"@id\":\"https:\\\/\\\/www.fragadis.es\\\/es\\\/#\\\/schema\\\/logo\\\/image\\\/\",\"url\":\"https:\\\/\\\/www.fragadis.es\\\/wp-content\\\/uploads\\\/2023\\\/07\\\/logo-fragadis.png\",\"contentUrl\":\"https:\\\/\\\/www.fragadis.es\\\/wp-content\\\/uploads\\\/2023\\\/07\\\/logo-fragadis.png\",\"width\":1435,\"height\":321,\"caption\":\"Fragadis\"},\"image\":{\"@id\":\"https:\\\/\\\/www.fragadis.es\\\/es\\\/#\\\/schema\\\/logo\\\/image\\\/\"},\"sameAs\":[\"https:\\\/\\\/www.facebook.com\\\/Spar.Club.Fragadis\",\"https:\\\/\\\/www.instagram.com\\\/spar.club.fragadis\\\/\"]},{\"@type\":\"Person\",\"@id\":\"https:\\\/\\\/www.fragadis.es\\\/es\\\/#\\\/schema\\\/person\\\/a0bb30fea30f22f5621f437567dd3424\",\"name\":\"Carlos\",\"image\":{\"@type\":\"ImageObject\",\"inLanguage\":\"es\",\"@id\":\"https:\\\/\\\/secure.gravatar.com\\\/avatar\\\/6baddd41ade89ab65d95aa3de3ed14e72de78345911d8ac5855fa083aa4f78e3?s=96&d=mm&r=g\",\"url\":\"https:\\\/\\\/secure.gravatar.com\\\/avatar\\\/6baddd41ade89ab65d95aa3de3ed14e72de78345911d8ac5855fa083aa4f78e3?s=96&d=mm&r=g\",\"contentUrl\":\"https:\\\/\\\/secure.gravatar.com\\\/avatar\\\/6baddd41ade89ab65d95aa3de3ed14e72de78345911d8ac5855fa083aa4f78e3?s=96&d=mm&r=g\",\"caption\":\"Carlos\"},\"url\":\"https:\\\/\\\/www.fragadis.es\\\/es\\\/author\\\/carlos\\\/\"}]}<\/script>\n<!-- \/ Yoast SEO Premium plugin. -->","yoast_head_json":{"title":"Fragadis inaugura un nuevo EUROSPAR en Oliva - Fragadis","description":"Fragadis alcanza las 60 tiendas en la Comunidad valenciana","robots":{"index":"index","follow":"follow","max-snippet":"max-snippet:-1","max-image-preview":"max-image-preview:large","max-video-preview":"max-video-preview:-1"},"canonical":"https:\/\/www.fragadis.es\/es\/inauguramos-eurospar-oliva\/","og_locale":"es_ES","og_type":"article","og_title":"Fragadis inaugura un nuevo EUROSPAR en Oliva","og_description":"Fragadis alcanza las 60 tiendas en la Comunidad valenciana","og_url":"https:\/\/www.fragadis.es\/es\/inauguramos-eurospar-oliva\/","og_site_name":"Fragadis","article_publisher":"https:\/\/www.facebook.com\/Spar.Club.Fragadis","article_published_time":"2024-05-17T10:45:16+00:00","article_modified_time":"2024-05-23T06:55:28+00:00","og_image":[{"width":1200,"height":882,"url":"https:\/\/www.fragadis.es\/wp-content\/uploads\/2024\/05\/368_OLIVA.jpg","type":"image\/jpeg"}],"author":"Carlos","twitter_card":"summary_large_image","twitter_misc":{"Escrito por":"Carlos","Tiempo de lectura":"3 minutos"},"schema":{"@context":"https:\/\/schema.org","@graph":[{"@type":"Article","@id":"https:\/\/www.fragadis.es\/es\/inauguramos-eurospar-oliva\/#article","isPartOf":{"@id":"https:\/\/www.fragadis.es\/es\/inauguramos-eurospar-oliva\/"},"author":{"name":"Carlos","@id":"https:\/\/www.fragadis.es\/es\/#\/schema\/person\/a0bb30fea30f22f5621f437567dd3424"},"headline":"Fragadis inaugura un nuevo EUROSPAR en Oliva","datePublished":"2024-05-17T10:45:16+00:00","dateModified":"2024-05-23T06:55:28+00:00","mainEntityOfPage":{"@id":"https:\/\/www.fragadis.es\/es\/inauguramos-eurospar-oliva\/"},"wordCount":1573,"commentCount":0,"publisher":{"@id":"https:\/\/www.fragadis.es\/es\/#organization"},"image":{"@id":"https:\/\/www.fragadis.es\/es\/inauguramos-eurospar-oliva\/#primaryimage"},"thumbnailUrl":"https:\/\/www.fragadis.es\/wp-content\/uploads\/2024\/05\/368_OLIVA.jpg","articleSection":["Noticias"],"inLanguage":"es","potentialAction":[{"@type":"CommentAction","name":"Comment","target":["https:\/\/www.fragadis.es\/es\/inauguramos-eurospar-oliva\/#respond"]}]},{"@type":"WebPage","@id":"https:\/\/www.fragadis.es\/es\/inauguramos-eurospar-oliva\/","url":"https:\/\/www.fragadis.es\/es\/inauguramos-eurospar-oliva\/","name":"Fragadis inaugura un nuevo EUROSPAR en Oliva - Fragadis","isPartOf":{"@id":"https:\/\/www.fragadis.es\/es\/#website"},"primaryImageOfPage":{"@id":"https:\/\/www.fragadis.es\/es\/inauguramos-eurospar-oliva\/#primaryimage"},"image":{"@id":"https:\/\/www.fragadis.es\/es\/inauguramos-eurospar-oliva\/#primaryimage"},"thumbnailUrl":"https:\/\/www.fragadis.es\/wp-content\/uploads\/2024\/05\/368_OLIVA.jpg","datePublished":"2024-05-17T10:45:16+00:00","dateModified":"2024-05-23T06:55:28+00:00","description":"Fragadis alcanza las 60 tiendas en la Comunidad valenciana","breadcrumb":{"@id":"https:\/\/www.fragadis.es\/es\/inauguramos-eurospar-oliva\/#breadcrumb"},"inLanguage":"es","potentialAction":[{"@type":"ReadAction","target":["https:\/\/www.fragadis.es\/es\/inauguramos-eurospar-oliva\/"]}]},{"@type":"ImageObject","inLanguage":"es","@id":"https:\/\/www.fragadis.es\/es\/inauguramos-eurospar-oliva\/#primaryimage","url":"https:\/\/www.fragadis.es\/wp-content\/uploads\/2024\/05\/368_OLIVA.jpg","contentUrl":"https:\/\/www.fragadis.es\/wp-content\/uploads\/2024\/05\/368_OLIVA.jpg","width":1200,"height":882,"caption":"Eurospar Oliva"},{"@type":"BreadcrumbList","@id":"https:\/\/www.fragadis.es\/es\/inauguramos-eurospar-oliva\/#breadcrumb","itemListElement":[{"@type":"ListItem","position":1,"name":"Home","item":"https:\/\/www.fragadis.es\/es\/"},{"@type":"ListItem","position":2,"name":"Fragadis inaugura un nuevo EUROSPAR en Oliva"}]},{"@type":"WebSite","@id":"https:\/\/www.fragadis.es\/es\/#website","url":"https:\/\/www.fragadis.es\/es\/","name":"Fragadis","description":"Supermercados, con m\u00e1s de 180 tiendas en Catalu\u00f1a, Huesca, Castell\u00f3n, Valencia y Alicante","publisher":{"@id":"https:\/\/www.fragadis.es\/es\/#organization"},"potentialAction":[{"@type":"SearchAction","target":{"@type":"EntryPoint","urlTemplate":"https:\/\/www.fragadis.es\/es\/?s={search_term_string}"},"query-input":{"@type":"PropertyValueSpecification","valueRequired":true,"valueName":"search_term_string"}}],"inLanguage":"es"},{"@type":"Organization","@id":"https:\/\/www.fragadis.es\/es\/#organization","name":"Fragadis","url":"https:\/\/www.fragadis.es\/es\/","logo":{"@type":"ImageObject","inLanguage":"es","@id":"https:\/\/www.fragadis.es\/es\/#\/schema\/logo\/image\/","url":"https:\/\/www.fragadis.es\/wp-content\/uploads\/2023\/07\/logo-fragadis.png","contentUrl":"https:\/\/www.fragadis.es\/wp-content\/uploads\/2023\/07\/logo-fragadis.png","width":1435,"height":321,"caption":"Fragadis"},"image":{"@id":"https:\/\/www.fragadis.es\/es\/#\/schema\/logo\/image\/"},"sameAs":["https:\/\/www.facebook.com\/Spar.Club.Fragadis","https:\/\/www.instagram.com\/spar.club.fragadis\/"]},{"@type":"Person","@id":"https:\/\/www.fragadis.es\/es\/#\/schema\/person\/a0bb30fea30f22f5621f437567dd3424","name":"Carlos","image":{"@type":"ImageObject","inLanguage":"es","@id":"https:\/\/secure.gravatar.com\/avatar\/6baddd41ade89ab65d95aa3de3ed14e72de78345911d8ac5855fa083aa4f78e3?s=96&d=mm&r=g","url":"https:\/\/secure.gravatar.com\/avatar\/6baddd41ade89ab65d95aa3de3ed14e72de78345911d8ac5855fa083aa4f78e3?s=96&d=mm&r=g","contentUrl":"https:\/\/secure.gravatar.com\/avatar\/6baddd41ade89ab65d95aa3de3ed14e72de78345911d8ac5855fa083aa4f78e3?s=96&d=mm&r=g","caption":"Carlos"},"url":"https:\/\/www.fragadis.es\/es\/author\/carlos\/"}]}},"_links":{"self":[{"href":"https:\/\/www.fragadis.es\/es\/wp-json\/wp\/v2\/posts\/21656","targetHints":{"allow":["GET"]}}],"collection":[{"href":"https:\/\/www.fragadis.es\/es\/wp-json\/wp\/v2\/posts"}],"about":[{"href":"https:\/\/www.fragadis.es\/es\/wp-json\/wp\/v2\/types\/post"}],"author":[{"embeddable":true,"href":"https:\/\/www.fragadis.es\/es\/wp-json\/wp\/v2\/users\/3"}],"replies":[{"embeddable":true,"href":"https:\/\/www.fragadis.es\/es\/wp-json\/wp\/v2\/comments?post=21656"}],"version-history":[{"count":1,"href":"https:\/\/www.fragadis.es\/es\/wp-json\/wp\/v2\/posts\/21656\/revisions"}],"predecessor-version":[{"id":21660,"href":"https:\/\/www.fragadis.es\/es\/wp-json\/wp\/v2\/posts\/21656\/revisions\/21660"}],"wp:featuredmedia":[{"embeddable":true,"href":"https:\/\/www.fragadis.es\/es\/wp-json\/wp\/v2\/media\/21704"}],"wp:attachment":[{"href":"https:\/\/www.fragadis.es\/es\/wp-json\/wp\/v2\/media?parent=21656"}],"wp:term":[{"taxonomy":"category","embeddable":true,"href":"https:\/\/www.fragadis.es\/es\/wp-json\/wp\/v2\/categories?post=21656"},{"taxonomy":"post_tag","embeddable":true,"href":"https:\/\/www.fragadis.es\/es\/wp-json\/wp\/v2\/tags?post=21656"}],"curies":[{"name":"wp","href":"https:\/\/api.w.org\/{rel}","templated":true}]}}