{"id":23770,"date":"2025-03-18T15:28:30","date_gmt":"2025-03-18T14:28:30","guid":{"rendered":"https:\/\/www.fragadis.es\/?p=23770"},"modified":"2025-03-18T15:28:30","modified_gmt":"2025-03-18T14:28:30","slug":"nuevo-eurospar-pla-de-santa-maria","status":"publish","type":"post","link":"https:\/\/www.fragadis.es\/es\/nuevo-eurospar-pla-de-santa-maria\/","title":{"rendered":"Inauguramos un nuevo EUROSPAR en El Pla de Santa Maria"},"content":{"rendered":"<div class=\"fusion-fullwidth fullwidth-box fusion-builder-row-1 fusion-flex-container has-pattern-background has-mask-background nonhundred-percent-fullwidth non-hundred-percent-height-scrolling\" style=\"--awb-border-radius-top-left:0px;--awb-border-radius-top-right:0px;--awb-border-radius-bottom-right:0px;--awb-border-radius-bottom-left:0px;--awb-flex-wrap:wrap;\" ><div class=\"fusion-builder-row fusion-row fusion-flex-align-items-flex-start fusion-flex-content-wrap\" style=\"max-width:1248px;margin-left: calc(-4% \/ 2 );margin-right: calc(-4% \/ 2 );\"><div class=\"fusion-layout-column fusion_builder_column fusion-builder-column-0 fusion_builder_column_1_1 1_1 fusion-flex-column\" style=\"--awb-bg-size:cover;--awb-width-large:100%;--awb-margin-top-large:0px;--awb-spacing-right-large:1.92%;--awb-margin-bottom-large:20px;--awb-spacing-left-large:1.92%;--awb-width-medium:100%;--awb-order-medium:0;--awb-spacing-right-medium:1.92%;--awb-spacing-left-medium:1.92%;--awb-width-small:100%;--awb-order-small:0;--awb-spacing-right-small:1.92%;--awb-spacing-left-small:1.92%;\"><div class=\"fusion-column-wrapper fusion-column-has-shadow fusion-flex-justify-content-flex-start fusion-content-layout-column\"><div class=\"fusion-text fusion-text-1\"><p>El pasado 13 de marzo inauguramos un nuevo supermercado EUROSPAR en la localidad tarraconense de El Pla de Santa Maria. Desde la empresa, con establecimiento en localidades pr\u00f3ximas, se ha decidido abrir este supermercado de mayores dimensiones para satisfacer la creciente demanda en la zona. El nuevo establecimiento se encuentra en la Avinguda de Gaud\u00ed, esquina con la calle de Santes Creus, una de las v\u00edas principales de la localidad de El Pla de Santa Maria.<\/p>\n<p>El supermercado ocupa m\u00e1s de 1.300 m2 i dispone de un amplio aparcamiento con 40 plazas y 2 cargadores de coches el\u00e9ctricos, ofreciendo as\u00ed comodidad a los clientes a la hora de hacer sus compras.<\/p>\n<p>Esta nueva apertura ha generado 15 puestos de trabajo, la mayor\u00eda de los cuales se tratan de vecinos de la poblaci\u00f3n y proximidades. De esta manera, reafirmamos su compromiso con la contrataci\u00f3n local, aportando conocimientos con el entorno y de las costumbres locales a trav\u00e9s de su personal. Esta pol\u00edtica tambi\u00e9n contribuye en la mejora de los \u00edndices de ocupaci\u00f3n de la zona y genera un impacto positivo en la econom\u00eda del territorio.<\/p>\n<p>El supermercado contar\u00e1 con 900m2 de sala de ventas y una amplia oferta de productos de marcas reconocidas, adem\u00e1s de la propia marca SPAR, conocida por su excelente relaci\u00f3n calidad-precio. Los clientes podr\u00e1n disfrutar de un gran espacio dedicado a frutas y verduras, as\u00ed como de una variada selecci\u00f3n en panader\u00eda y boller\u00eda. Tambi\u00e9n habr\u00e1 una secci\u00f3n de carnicer\u00eda y charcuter\u00eda con productos de primera calidad, manipulados por profesionales altamente cualificados.<\/p>\n<p>En t\u00e9rminos de dise\u00f1o, este supermercado apuesta por un modelo moderno y funcional, con un claro enfoque hac\u00eda la comodidad del cliente. Adem\u00e1s, comprometido con las pol\u00edticas de ahorro energ\u00e9tico, utilizando materiales y energ\u00edas respetuosas con el medio ambiente. As\u00ed, el supermercado se integra dentro del concepto de \u2018tiendas ecoeficientes\u2019, mejorando la eficiencia energ\u00e9tica y reduciendo el consumo respecto a las tiendas tradicionales. Estas mejores incluyen iluminaci\u00f3n LED de bajo consumo y alta eficiencia, instalaci\u00f3n de placas fotovoltaicas, as\u00ed como equipamiento de frio de \u00faltima generaci\u00f3n con la finalidad de evitar p\u00e9rdida energ\u00e9ticas y garantizar la correcta conservaci\u00f3n de los productos.<\/p>\n<p>Con esta nueva apertura, Fragadis continua con su modelo comercial: ofreciendo a sus clientes un amplio surtido de productos, calidad, excelente atenci\u00f3n y precios competitivos, todo en un ambiente c\u00f3modo y agradable.<\/p>\n<\/div><\/div><\/div><\/div><\/div>\n","protected":false},"excerpt":{"rendered":"","protected":false},"author":3,"featured_media":23774,"comment_status":"open","ping_status":"open","sticky":false,"template":"","format":"standard","meta":{"footnotes":""},"categories":[75],"tags":[],"class_list":["post-23770","post","type-post","status-publish","format-standard","has-post-thumbnail","hentry","category-noticias"],"yoast_head":"<!-- This site is optimized with the Yoast SEO Premium plugin v28.2 (Yoast SEO v28.2) - https:\/\/yoast.com\/product\/yoast-seo-premium-wordpress\/ -->\n<title>Inauguramos un nuevo EUROSPAR en El Pla de Santa Maria - Fragadis<\/title>\n<meta name=\"description\" content=\"Nuevo Eurospar en la localidad de El Pla de Santa Mar\u00eda, que cuenta con carnicer\u00eda, zona de fruta y panader\u00eda\" \/>\n<meta name=\"robots\" content=\"index, follow, max-snippet:-1, max-image-preview:large, max-video-preview:-1\" \/>\n<link rel=\"canonical\" href=\"https:\/\/www.fragadis.es\/es\/nuevo-eurospar-pla-de-santa-maria\/\" \/>\n<meta property=\"og:locale\" content=\"es_ES\" \/>\n<meta property=\"og:type\" content=\"article\" \/>\n<meta property=\"og:title\" content=\"Inauguramos un nuevo EUROSPAR en El Pla de Santa Maria\" \/>\n<meta property=\"og:description\" content=\"Nuevo Eurospar en la localidad de El Pla de Santa Mar\u00eda, que cuenta con carnicer\u00eda, zona de fruta y panader\u00eda\" \/>\n<meta property=\"og:url\" content=\"https:\/\/www.fragadis.es\/es\/nuevo-eurospar-pla-de-santa-maria\/\" \/>\n<meta property=\"og:site_name\" content=\"Fragadis\" \/>\n<meta property=\"article:publisher\" content=\"https:\/\/www.facebook.com\/Spar.Club.Fragadis\" \/>\n<meta property=\"article:published_time\" content=\"2025-03-18T14:28:30+00:00\" \/>\n<meta property=\"og:image\" content=\"https:\/\/www.fragadis.es\/wp-content\/uploads\/2025\/03\/242-EL-PLA-DE-SANTA-MARIA-12032529.jpg\" \/>\n\t<meta property=\"og:image:width\" content=\"1882\" \/>\n\t<meta property=\"og:image:height\" content=\"1412\" \/>\n\t<meta property=\"og:image:type\" content=\"image\/jpeg\" \/>\n<meta name=\"author\" content=\"Carlos\" \/>\n<meta name=\"twitter:card\" content=\"summary_large_image\" \/>\n<meta name=\"twitter:label1\" content=\"Escrito por\" \/>\n\t<meta name=\"twitter:data1\" content=\"Carlos\" \/>\n\t<meta name=\"twitter:label2\" content=\"Tiempo de lectura\" \/>\n\t<meta name=\"twitter:data2\" content=\"2 minutos\" \/>\n<script type=\"application\/ld+json\" class=\"yoast-schema-graph\">{\"@context\":\"https:\\\/\\\/schema.org\",\"@graph\":[{\"@type\":\"Article\",\"@id\":\"https:\\\/\\\/www.fragadis.es\\\/es\\\/nuevo-eurospar-pla-de-santa-maria\\\/#article\",\"isPartOf\":{\"@id\":\"https:\\\/\\\/www.fragadis.es\\\/es\\\/nuevo-eurospar-pla-de-santa-maria\\\/\"},\"author\":{\"name\":\"Carlos\",\"@id\":\"https:\\\/\\\/www.fragadis.es\\\/es\\\/#\\\/schema\\\/person\\\/a0bb30fea30f22f5621f437567dd3424\"},\"headline\":\"Inauguramos un nuevo EUROSPAR en El Pla de Santa Maria\",\"datePublished\":\"2025-03-18T14:28:30+00:00\",\"mainEntityOfPage\":{\"@id\":\"https:\\\/\\\/www.fragadis.es\\\/es\\\/nuevo-eurospar-pla-de-santa-maria\\\/\"},\"wordCount\":1475,\"commentCount\":0,\"publisher\":{\"@id\":\"https:\\\/\\\/www.fragadis.es\\\/es\\\/#organization\"},\"image\":{\"@id\":\"https:\\\/\\\/www.fragadis.es\\\/es\\\/nuevo-eurospar-pla-de-santa-maria\\\/#primaryimage\"},\"thumbnailUrl\":\"https:\\\/\\\/www.fragadis.es\\\/wp-content\\\/uploads\\\/2025\\\/03\\\/242-EL-PLA-DE-SANTA-MARIA-12032529.jpg\",\"articleSection\":[\"Noticias\"],\"inLanguage\":\"es\",\"potentialAction\":[{\"@type\":\"CommentAction\",\"name\":\"Comment\",\"target\":[\"https:\\\/\\\/www.fragadis.es\\\/es\\\/nuevo-eurospar-pla-de-santa-maria\\\/#respond\"]}]},{\"@type\":\"WebPage\",\"@id\":\"https:\\\/\\\/www.fragadis.es\\\/es\\\/nuevo-eurospar-pla-de-santa-maria\\\/\",\"url\":\"https:\\\/\\\/www.fragadis.es\\\/es\\\/nuevo-eurospar-pla-de-santa-maria\\\/\",\"name\":\"Inauguramos un nuevo EUROSPAR en El Pla de Santa Maria - Fragadis\",\"isPartOf\":{\"@id\":\"https:\\\/\\\/www.fragadis.es\\\/es\\\/#website\"},\"primaryImageOfPage\":{\"@id\":\"https:\\\/\\\/www.fragadis.es\\\/es\\\/nuevo-eurospar-pla-de-santa-maria\\\/#primaryimage\"},\"image\":{\"@id\":\"https:\\\/\\\/www.fragadis.es\\\/es\\\/nuevo-eurospar-pla-de-santa-maria\\\/#primaryimage\"},\"thumbnailUrl\":\"https:\\\/\\\/www.fragadis.es\\\/wp-content\\\/uploads\\\/2025\\\/03\\\/242-EL-PLA-DE-SANTA-MARIA-12032529.jpg\",\"datePublished\":\"2025-03-18T14:28:30+00:00\",\"description\":\"Nuevo Eurospar en la localidad de El Pla de Santa Mar\u00eda, que cuenta con carnicer\u00eda, zona de fruta y panader\u00eda\",\"breadcrumb\":{\"@id\":\"https:\\\/\\\/www.fragadis.es\\\/es\\\/nuevo-eurospar-pla-de-santa-maria\\\/#breadcrumb\"},\"inLanguage\":\"es\",\"potentialAction\":[{\"@type\":\"ReadAction\",\"target\":[\"https:\\\/\\\/www.fragadis.es\\\/es\\\/nuevo-eurospar-pla-de-santa-maria\\\/\"]}]},{\"@type\":\"ImageObject\",\"inLanguage\":\"es\",\"@id\":\"https:\\\/\\\/www.fragadis.es\\\/es\\\/nuevo-eurospar-pla-de-santa-maria\\\/#primaryimage\",\"url\":\"https:\\\/\\\/www.fragadis.es\\\/wp-content\\\/uploads\\\/2025\\\/03\\\/242-EL-PLA-DE-SANTA-MARIA-12032529.jpg\",\"contentUrl\":\"https:\\\/\\\/www.fragadis.es\\\/wp-content\\\/uploads\\\/2025\\\/03\\\/242-EL-PLA-DE-SANTA-MARIA-12032529.jpg\",\"width\":1882,\"height\":1412},{\"@type\":\"BreadcrumbList\",\"@id\":\"https:\\\/\\\/www.fragadis.es\\\/es\\\/nuevo-eurospar-pla-de-santa-maria\\\/#breadcrumb\",\"itemListElement\":[{\"@type\":\"ListItem\",\"position\":1,\"name\":\"Home\",\"item\":\"https:\\\/\\\/www.fragadis.es\\\/es\\\/\"},{\"@type\":\"ListItem\",\"position\":2,\"name\":\"Inauguramos un nuevo EUROSPAR en El Pla de Santa Maria\"}]},{\"@type\":\"WebSite\",\"@id\":\"https:\\\/\\\/www.fragadis.es\\\/es\\\/#website\",\"url\":\"https:\\\/\\\/www.fragadis.es\\\/es\\\/\",\"name\":\"Fragadis\",\"description\":\"Supermercados, con m\u00e1s de 180 tiendas en Catalu\u00f1a, Huesca, Castell\u00f3n, Valencia y Alicante\",\"publisher\":{\"@id\":\"https:\\\/\\\/www.fragadis.es\\\/es\\\/#organization\"},\"potentialAction\":[{\"@type\":\"SearchAction\",\"target\":{\"@type\":\"EntryPoint\",\"urlTemplate\":\"https:\\\/\\\/www.fragadis.es\\\/es\\\/?s={search_term_string}\"},\"query-input\":{\"@type\":\"PropertyValueSpecification\",\"valueRequired\":true,\"valueName\":\"search_term_string\"}}],\"inLanguage\":\"es\"},{\"@type\":\"Organization\",\"@id\":\"https:\\\/\\\/www.fragadis.es\\\/es\\\/#organization\",\"name\":\"Fragadis\",\"url\":\"https:\\\/\\\/www.fragadis.es\\\/es\\\/\",\"logo\":{\"@type\":\"ImageObject\",\"inLanguage\":\"es\",\"@id\":\"https:\\\/\\\/www.fragadis.es\\\/es\\\/#\\\/schema\\\/logo\\\/image\\\/\",\"url\":\"https:\\\/\\\/www.fragadis.es\\\/wp-content\\\/uploads\\\/2023\\\/07\\\/logo-fragadis.png\",\"contentUrl\":\"https:\\\/\\\/www.fragadis.es\\\/wp-content\\\/uploads\\\/2023\\\/07\\\/logo-fragadis.png\",\"width\":1435,\"height\":321,\"caption\":\"Fragadis\"},\"image\":{\"@id\":\"https:\\\/\\\/www.fragadis.es\\\/es\\\/#\\\/schema\\\/logo\\\/image\\\/\"},\"sameAs\":[\"https:\\\/\\\/www.facebook.com\\\/Spar.Club.Fragadis\",\"https:\\\/\\\/www.instagram.com\\\/spar.club.fragadis\\\/\"]},{\"@type\":\"Person\",\"@id\":\"https:\\\/\\\/www.fragadis.es\\\/es\\\/#\\\/schema\\\/person\\\/a0bb30fea30f22f5621f437567dd3424\",\"name\":\"Carlos\",\"image\":{\"@type\":\"ImageObject\",\"inLanguage\":\"es\",\"@id\":\"https:\\\/\\\/secure.gravatar.com\\\/avatar\\\/6baddd41ade89ab65d95aa3de3ed14e72de78345911d8ac5855fa083aa4f78e3?s=96&d=mm&r=g\",\"url\":\"https:\\\/\\\/secure.gravatar.com\\\/avatar\\\/6baddd41ade89ab65d95aa3de3ed14e72de78345911d8ac5855fa083aa4f78e3?s=96&d=mm&r=g\",\"contentUrl\":\"https:\\\/\\\/secure.gravatar.com\\\/avatar\\\/6baddd41ade89ab65d95aa3de3ed14e72de78345911d8ac5855fa083aa4f78e3?s=96&d=mm&r=g\",\"caption\":\"Carlos\"},\"url\":\"https:\\\/\\\/www.fragadis.es\\\/es\\\/author\\\/carlos\\\/\"}]}<\/script>\n<!-- \/ Yoast SEO Premium plugin. -->","yoast_head_json":{"title":"Inauguramos un nuevo EUROSPAR en El Pla de Santa Maria - Fragadis","description":"Nuevo Eurospar en la localidad de El Pla de Santa Mar\u00eda, que cuenta con carnicer\u00eda, zona de fruta y panader\u00eda","robots":{"index":"index","follow":"follow","max-snippet":"max-snippet:-1","max-image-preview":"max-image-preview:large","max-video-preview":"max-video-preview:-1"},"canonical":"https:\/\/www.fragadis.es\/es\/nuevo-eurospar-pla-de-santa-maria\/","og_locale":"es_ES","og_type":"article","og_title":"Inauguramos un nuevo EUROSPAR en El Pla de Santa Maria","og_description":"Nuevo Eurospar en la localidad de El Pla de Santa Mar\u00eda, que cuenta con carnicer\u00eda, zona de fruta y panader\u00eda","og_url":"https:\/\/www.fragadis.es\/es\/nuevo-eurospar-pla-de-santa-maria\/","og_site_name":"Fragadis","article_publisher":"https:\/\/www.facebook.com\/Spar.Club.Fragadis","article_published_time":"2025-03-18T14:28:30+00:00","og_image":[{"width":1882,"height":1412,"url":"https:\/\/www.fragadis.es\/wp-content\/uploads\/2025\/03\/242-EL-PLA-DE-SANTA-MARIA-12032529.jpg","type":"image\/jpeg"}],"author":"Carlos","twitter_card":"summary_large_image","twitter_misc":{"Escrito por":"Carlos","Tiempo de lectura":"2 minutos"},"schema":{"@context":"https:\/\/schema.org","@graph":[{"@type":"Article","@id":"https:\/\/www.fragadis.es\/es\/nuevo-eurospar-pla-de-santa-maria\/#article","isPartOf":{"@id":"https:\/\/www.fragadis.es\/es\/nuevo-eurospar-pla-de-santa-maria\/"},"author":{"name":"Carlos","@id":"https:\/\/www.fragadis.es\/es\/#\/schema\/person\/a0bb30fea30f22f5621f437567dd3424"},"headline":"Inauguramos un nuevo EUROSPAR en El Pla de Santa Maria","datePublished":"2025-03-18T14:28:30+00:00","mainEntityOfPage":{"@id":"https:\/\/www.fragadis.es\/es\/nuevo-eurospar-pla-de-santa-maria\/"},"wordCount":1475,"commentCount":0,"publisher":{"@id":"https:\/\/www.fragadis.es\/es\/#organization"},"image":{"@id":"https:\/\/www.fragadis.es\/es\/nuevo-eurospar-pla-de-santa-maria\/#primaryimage"},"thumbnailUrl":"https:\/\/www.fragadis.es\/wp-content\/uploads\/2025\/03\/242-EL-PLA-DE-SANTA-MARIA-12032529.jpg","articleSection":["Noticias"],"inLanguage":"es","potentialAction":[{"@type":"CommentAction","name":"Comment","target":["https:\/\/www.fragadis.es\/es\/nuevo-eurospar-pla-de-santa-maria\/#respond"]}]},{"@type":"WebPage","@id":"https:\/\/www.fragadis.es\/es\/nuevo-eurospar-pla-de-santa-maria\/","url":"https:\/\/www.fragadis.es\/es\/nuevo-eurospar-pla-de-santa-maria\/","name":"Inauguramos un nuevo EUROSPAR en El Pla de Santa Maria - Fragadis","isPartOf":{"@id":"https:\/\/www.fragadis.es\/es\/#website"},"primaryImageOfPage":{"@id":"https:\/\/www.fragadis.es\/es\/nuevo-eurospar-pla-de-santa-maria\/#primaryimage"},"image":{"@id":"https:\/\/www.fragadis.es\/es\/nuevo-eurospar-pla-de-santa-maria\/#primaryimage"},"thumbnailUrl":"https:\/\/www.fragadis.es\/wp-content\/uploads\/2025\/03\/242-EL-PLA-DE-SANTA-MARIA-12032529.jpg","datePublished":"2025-03-18T14:28:30+00:00","description":"Nuevo Eurospar en la localidad de El Pla de Santa Mar\u00eda, que cuenta con carnicer\u00eda, zona de fruta y panader\u00eda","breadcrumb":{"@id":"https:\/\/www.fragadis.es\/es\/nuevo-eurospar-pla-de-santa-maria\/#breadcrumb"},"inLanguage":"es","potentialAction":[{"@type":"ReadAction","target":["https:\/\/www.fragadis.es\/es\/nuevo-eurospar-pla-de-santa-maria\/"]}]},{"@type":"ImageObject","inLanguage":"es","@id":"https:\/\/www.fragadis.es\/es\/nuevo-eurospar-pla-de-santa-maria\/#primaryimage","url":"https:\/\/www.fragadis.es\/wp-content\/uploads\/2025\/03\/242-EL-PLA-DE-SANTA-MARIA-12032529.jpg","contentUrl":"https:\/\/www.fragadis.es\/wp-content\/uploads\/2025\/03\/242-EL-PLA-DE-SANTA-MARIA-12032529.jpg","width":1882,"height":1412},{"@type":"BreadcrumbList","@id":"https:\/\/www.fragadis.es\/es\/nuevo-eurospar-pla-de-santa-maria\/#breadcrumb","itemListElement":[{"@type":"ListItem","position":1,"name":"Home","item":"https:\/\/www.fragadis.es\/es\/"},{"@type":"ListItem","position":2,"name":"Inauguramos un nuevo EUROSPAR en El Pla de Santa Maria"}]},{"@type":"WebSite","@id":"https:\/\/www.fragadis.es\/es\/#website","url":"https:\/\/www.fragadis.es\/es\/","name":"Fragadis","description":"Supermercados, con m\u00e1s de 180 tiendas en Catalu\u00f1a, Huesca, Castell\u00f3n, Valencia y Alicante","publisher":{"@id":"https:\/\/www.fragadis.es\/es\/#organization"},"potentialAction":[{"@type":"SearchAction","target":{"@type":"EntryPoint","urlTemplate":"https:\/\/www.fragadis.es\/es\/?s={search_term_string}"},"query-input":{"@type":"PropertyValueSpecification","valueRequired":true,"valueName":"search_term_string"}}],"inLanguage":"es"},{"@type":"Organization","@id":"https:\/\/www.fragadis.es\/es\/#organization","name":"Fragadis","url":"https:\/\/www.fragadis.es\/es\/","logo":{"@type":"ImageObject","inLanguage":"es","@id":"https:\/\/www.fragadis.es\/es\/#\/schema\/logo\/image\/","url":"https:\/\/www.fragadis.es\/wp-content\/uploads\/2023\/07\/logo-fragadis.png","contentUrl":"https:\/\/www.fragadis.es\/wp-content\/uploads\/2023\/07\/logo-fragadis.png","width":1435,"height":321,"caption":"Fragadis"},"image":{"@id":"https:\/\/www.fragadis.es\/es\/#\/schema\/logo\/image\/"},"sameAs":["https:\/\/www.facebook.com\/Spar.Club.Fragadis","https:\/\/www.instagram.com\/spar.club.fragadis\/"]},{"@type":"Person","@id":"https:\/\/www.fragadis.es\/es\/#\/schema\/person\/a0bb30fea30f22f5621f437567dd3424","name":"Carlos","image":{"@type":"ImageObject","inLanguage":"es","@id":"https:\/\/secure.gravatar.com\/avatar\/6baddd41ade89ab65d95aa3de3ed14e72de78345911d8ac5855fa083aa4f78e3?s=96&d=mm&r=g","url":"https:\/\/secure.gravatar.com\/avatar\/6baddd41ade89ab65d95aa3de3ed14e72de78345911d8ac5855fa083aa4f78e3?s=96&d=mm&r=g","contentUrl":"https:\/\/secure.gravatar.com\/avatar\/6baddd41ade89ab65d95aa3de3ed14e72de78345911d8ac5855fa083aa4f78e3?s=96&d=mm&r=g","caption":"Carlos"},"url":"https:\/\/www.fragadis.es\/es\/author\/carlos\/"}]}},"_links":{"self":[{"href":"https:\/\/www.fragadis.es\/es\/wp-json\/wp\/v2\/posts\/23770","targetHints":{"allow":["GET"]}}],"collection":[{"href":"https:\/\/www.fragadis.es\/es\/wp-json\/wp\/v2\/posts"}],"about":[{"href":"https:\/\/www.fragadis.es\/es\/wp-json\/wp\/v2\/types\/post"}],"author":[{"embeddable":true,"href":"https:\/\/www.fragadis.es\/es\/wp-json\/wp\/v2\/users\/3"}],"replies":[{"embeddable":true,"href":"https:\/\/www.fragadis.es\/es\/wp-json\/wp\/v2\/comments?post=23770"}],"version-history":[{"count":1,"href":"https:\/\/www.fragadis.es\/es\/wp-json\/wp\/v2\/posts\/23770\/revisions"}],"predecessor-version":[{"id":23776,"href":"https:\/\/www.fragadis.es\/es\/wp-json\/wp\/v2\/posts\/23770\/revisions\/23776"}],"wp:featuredmedia":[{"embeddable":true,"href":"https:\/\/www.fragadis.es\/es\/wp-json\/wp\/v2\/media\/23774"}],"wp:attachment":[{"href":"https:\/\/www.fragadis.es\/es\/wp-json\/wp\/v2\/media?parent=23770"}],"wp:term":[{"taxonomy":"category","embeddable":true,"href":"https:\/\/www.fragadis.es\/es\/wp-json\/wp\/v2\/categories?post=23770"},{"taxonomy":"post_tag","embeddable":true,"href":"https:\/\/www.fragadis.es\/es\/wp-json\/wp\/v2\/tags?post=23770"}],"curies":[{"name":"wp","href":"https:\/\/api.w.org\/{rel}","templated":true}]}}