{"id":24285,"date":"2025-07-28T10:49:05","date_gmt":"2025-07-28T08:49:05","guid":{"rendered":"https:\/\/www.fragadis.es\/?p=24285"},"modified":"2025-07-28T11:09:37","modified_gmt":"2025-07-28T09:09:37","slug":"union-fragadis-lider-aliment","status":"publish","type":"post","link":"https:\/\/www.fragadis.es\/es\/union-fragadis-lider-aliment\/","title":{"rendered":"Uni\u00f3n Fragadis y L\u00edder Aliment"},"content":{"rendered":"<p><div class=\"fusion-fullwidth fullwidth-box fusion-builder-row-1 fusion-flex-container nonhundred-percent-fullwidth non-hundred-percent-height-scrolling\" style=\"--awb-border-radius-top-left:0px;--awb-border-radius-top-right:0px;--awb-border-radius-bottom-right:0px;--awb-border-radius-bottom-left:0px;--awb-flex-wrap:wrap;\" ><div class=\"fusion-builder-row fusion-row fusion-flex-align-items-flex-start fusion-flex-content-wrap\" style=\"max-width:1248px;margin-left: calc(-4% \/ 2 );margin-right: calc(-4% \/ 2 );\"><div class=\"fusion-layout-column fusion_builder_column fusion-builder-column-0 fusion_builder_column_1_1 1_1 fusion-flex-column\" style=\"--awb-bg-size:cover;--awb-width-large:100%;--awb-margin-top-large:0px;--awb-spacing-right-large:1.92%;--awb-margin-bottom-large:0px;--awb-spacing-left-large:1.92%;--awb-width-medium:100%;--awb-spacing-right-medium:1.92%;--awb-spacing-left-medium:1.92%;--awb-width-small:100%;--awb-spacing-right-small:1.92%;--awb-spacing-left-small:1.92%;\"><div class=\"fusion-column-wrapper fusion-flex-justify-content-flex-start fusion-content-layout-column\"><\/div><\/div><\/div><\/div><div class=\"fusion-fullwidth fullwidth-box fusion-builder-row-2 fusion-flex-container has-pattern-background has-mask-background nonhundred-percent-fullwidth non-hundred-percent-height-scrolling\" style=\"--awb-border-radius-top-left:0px;--awb-border-radius-top-right:0px;--awb-border-radius-bottom-right:0px;--awb-border-radius-bottom-left:0px;--awb-flex-wrap:wrap;\" ><div class=\"fusion-builder-row fusion-row fusion-flex-align-items-flex-start fusion-flex-content-wrap\" style=\"max-width:1248px;margin-left: calc(-4% \/ 2 );margin-right: calc(-4% \/ 2 );\"><div class=\"fusion-layout-column fusion_builder_column fusion-builder-column-1 fusion_builder_column_1_1 1_1 fusion-flex-column\" style=\"--awb-bg-size:cover;--awb-width-large:100%;--awb-margin-top-large:0px;--awb-spacing-right-large:1.92%;--awb-margin-bottom-large:20px;--awb-spacing-left-large:1.92%;--awb-width-medium:100%;--awb-order-medium:0;--awb-spacing-right-medium:1.92%;--awb-spacing-left-medium:1.92%;--awb-width-small:100%;--awb-order-small:0;--awb-spacing-right-small:1.92%;--awb-spacing-left-small:1.92%;\"><div class=\"fusion-column-wrapper fusion-column-has-shadow fusion-flex-justify-content-flex-start fusion-content-layout-column\"><div class=\"fusion-text fusion-text-1\"><h1><strong>Fragadis compra L\u00edder Aliment<\/strong><\/h1>\n<h2>Lider Aliment se une a Fragadis con el objetivo de liderar la consolidaci\u00f3n de los supermercados SPAR dentro del sector del Retail espa\u00f1ol.<\/h2>\n<p>En un contexto econ\u00f3mico din\u00e1mico y lleno de oportunidades, donde la cooperaci\u00f3n estrat\u00e9gica entre empresas se revela como una clave para crecer y avanzar, Fragadis y Lider Aliment han anunciado su uni\u00f3n estrat\u00e9gica, marcando un hito relevante en su trayectoria empresarial y con el objetivo com\u00fan de fortalecer su presencia en el sector de la distribuci\u00f3n alimentaria bajo la ense\u00f1a SPAR.<\/p>\n<p>Esta operaci\u00f3n, sujeta a la autorizaci\u00f3n previa de la CNMC, representar\u00e1 un paso decisivo en la evoluci\u00f3n de ambas compa\u00f1\u00edas, que desean sumar sus trayectorias, recursos y capacidades operativas dentro de una misma estructura organizativa, basada en una visi\u00f3n compartida y metas comunes. El acuerdo permitir\u00e1 una integraci\u00f3n plena de sus actividades, impulsando una nueva etapa de expansi\u00f3n, eficiencia y crecimiento sostenible.<\/p>\n<p>Gracias a esta uni\u00f3n, Fragadis consolidar\u00e1 su presencia en el panorama nacional, conectando la actual zona de influencia en el arco mediterr\u00e1neo con la fuerte implantaci\u00f3n territorial de Lider Aliment en el suroeste peninsular.<br \/>\nEsta sinergia potenciar\u00e1 el acceso a nuevos mercados, el desarrollo de proyectos de modernizaci\u00f3n y la ejecuci\u00f3n de inversiones estrat\u00e9gicas, con una clara orientaci\u00f3n hacia la innovaci\u00f3n y la mejora continua del servicio al cliente.<\/p>\n<p>La nueva estructura conjunta fortalecer\u00e1 la propuesta comercial del grupo, ofreciendo a los consumidores una experiencia de compra moderna, competitiva y adaptada a sus necesidades, en m\u00e1s de 400 puntos de venta repartidos por todo el pa\u00eds. Adem\u00e1s, contar\u00e1 con dos grandes plataformas log\u00edsticas de 25.000 m\u00b2 cada una, que asegurar\u00e1n una gesti\u00f3n eficiente y robusta de la cadena de suministro, as\u00ed como la capacidad de afrontar ambiciosos planes de futuro.<\/p>\n<p>En cifras, la alianza sumar\u00e1 una superficie de venta conjunta superior a los 250.000 m\u00b2 y una facturaci\u00f3n estimada de 700 millones de euros. La plantilla conjunta superar\u00e1 los 4.700 empleados, reflejo del compromiso firme con la estructura humana que sustenta el crecimiento, la cercan\u00eda al cliente y la excelencia operativa.<\/p>\n<p>Lider Aliment, con sede en Zafra (Badajoz), aportar\u00e1 al proyecto m\u00e1s de dos d\u00e9cadas de experiencia en el sector de la distribuci\u00f3n, con una s\u00f3lida implantaci\u00f3n en Extremadura y Andaluc\u00eda a trav\u00e9s de una red de m\u00e1s de 200 supermercados SPAR y EUROSPAR entre propios y franquiciados, que se sumar\u00e1n a los 220 establecimientos de Fragadis, 186 establecimientos SPAR y EUROSPAR y 31 supermercados Economy Cash, consolidando su liderazgo en el arco mediterr\u00e1neo y respaldado por una facturaci\u00f3n anual superior a los 500 millones de euros.<\/p>\n<p>Ambas organizaciones colaborar\u00e1n estrechamente en la gesti\u00f3n. \u00d3scar Mar\u00edn y Francisco Peces, codirectores de Lider Aliment, continuar\u00e1n liderando la operativa desde su territorio, trabajando de forma coordinada con el equipo directivo de Fragadis para consolidar una estructura cohesionada, eficiente y con una clara vocaci\u00f3n de servicio.<\/p>\n<p>Esta uni\u00f3n estrat\u00e9gica representa mucho m\u00e1s que una suma de capacidades: es un compromiso conjunto con el futuro de la insignia SPAR dentro del sector del Retail nacional, basado en valores compartidos, excelencia operativa y una fuerte orientaci\u00f3n al cliente.<\/p>\n<p>L\u00edder Aliment ha contado con el asesoramiento de Arcano como asesor financiero exclusivo, de Pinsent Masons como asesor legal y de Tagus como asesor fiscal. La Guard Advocats ha actuado como asesor legal y Albacar Assessors como asesor fiscal de Fragadis.<\/p>\n<div class=\"x_elementToProof\"><\/div>\n<\/div><\/div><\/div><\/div><\/div><\/p>\n","protected":false},"excerpt":{"rendered":"","protected":false},"author":3,"featured_media":24282,"comment_status":"open","ping_status":"open","sticky":false,"template":"","format":"standard","meta":{"footnotes":""},"categories":[75],"tags":[],"class_list":["post-24285","post","type-post","status-publish","format-standard","has-post-thumbnail","hentry","category-noticias"],"yoast_head":"<!-- This site is optimized with the Yoast SEO Premium plugin v28.2 (Yoast SEO v28.2) - https:\/\/yoast.com\/product\/yoast-seo-premium-wordpress\/ -->\n<title>Uni\u00f3n Fragadis y L\u00edder Aliment - Fragadis<\/title>\n<meta name=\"description\" content=\"En un contexto econ\u00f3mico din\u00e1mico y lleno de oportunidades, donde la cooperaci\u00f3n estrat\u00e9gica entre empresas se revela como una clave para crecer y avanzar, Fragadis y Lider Aliment han anunciado su uni\u00f3n estrat\u00e9gica, marcando un hito relevante en su trayectoria empresarial y con el objetivo com\u00fan de fortalecer su presencia en el sector de la distribuci\u00f3n alimentaria bajo la ense\u00f1a SPAR.\" \/>\n<meta name=\"robots\" content=\"index, follow, max-snippet:-1, max-image-preview:large, max-video-preview:-1\" \/>\n<link rel=\"canonical\" href=\"https:\/\/www.fragadis.es\/es\/union-fragadis-lider-aliment\/\" \/>\n<meta property=\"og:locale\" content=\"es_ES\" \/>\n<meta property=\"og:type\" content=\"article\" \/>\n<meta property=\"og:title\" content=\"Uni\u00f3n Fragadis y L\u00edder Aliment\" \/>\n<meta property=\"og:description\" content=\"En un contexto econ\u00f3mico din\u00e1mico y lleno de oportunidades, donde la cooperaci\u00f3n estrat\u00e9gica entre empresas se revela como una clave para crecer y avanzar, Fragadis y Lider Aliment han anunciado su uni\u00f3n estrat\u00e9gica, marcando un hito relevante en su trayectoria empresarial y con el objetivo com\u00fan de fortalecer su presencia en el sector de la distribuci\u00f3n alimentaria bajo la ense\u00f1a SPAR.\" \/>\n<meta property=\"og:url\" content=\"https:\/\/www.fragadis.es\/es\/union-fragadis-lider-aliment\/\" \/>\n<meta property=\"og:site_name\" content=\"Fragadis\" \/>\n<meta property=\"article:publisher\" content=\"https:\/\/www.facebook.com\/Spar.Club.Fragadis\" \/>\n<meta property=\"article:published_time\" content=\"2025-07-28T08:49:05+00:00\" \/>\n<meta property=\"article:modified_time\" content=\"2025-07-28T09:09:37+00:00\" \/>\n<meta property=\"og:image\" content=\"https:\/\/www.fragadis.es\/wp-content\/uploads\/2025\/07\/UNION-FRAGADIS-LIDER-ALIMENT.jpg\" \/>\n\t<meta property=\"og:image:width\" content=\"850\" \/>\n\t<meta property=\"og:image:height\" content=\"478\" \/>\n\t<meta property=\"og:image:type\" content=\"image\/jpeg\" \/>\n<meta name=\"author\" content=\"Carlos\" \/>\n<meta name=\"twitter:card\" content=\"summary_large_image\" \/>\n<meta name=\"twitter:label1\" content=\"Escrito por\" \/>\n\t<meta name=\"twitter:data1\" content=\"Carlos\" \/>\n\t<meta name=\"twitter:label2\" content=\"Tiempo de lectura\" \/>\n\t<meta name=\"twitter:data2\" content=\"3 minutos\" \/>\n<script type=\"application\/ld+json\" class=\"yoast-schema-graph\">{\"@context\":\"https:\\\/\\\/schema.org\",\"@graph\":[{\"@type\":\"Article\",\"@id\":\"https:\\\/\\\/www.fragadis.es\\\/es\\\/union-fragadis-lider-aliment\\\/#article\",\"isPartOf\":{\"@id\":\"https:\\\/\\\/www.fragadis.es\\\/es\\\/union-fragadis-lider-aliment\\\/\"},\"author\":{\"name\":\"Carlos\",\"@id\":\"https:\\\/\\\/www.fragadis.es\\\/es\\\/#\\\/schema\\\/person\\\/a0bb30fea30f22f5621f437567dd3424\"},\"headline\":\"Uni\u00f3n Fragadis y L\u00edder Aliment\",\"datePublished\":\"2025-07-28T08:49:05+00:00\",\"dateModified\":\"2025-07-28T09:09:37+00:00\",\"mainEntityOfPage\":{\"@id\":\"https:\\\/\\\/www.fragadis.es\\\/es\\\/union-fragadis-lider-aliment\\\/\"},\"wordCount\":1839,\"commentCount\":0,\"publisher\":{\"@id\":\"https:\\\/\\\/www.fragadis.es\\\/es\\\/#organization\"},\"image\":{\"@id\":\"https:\\\/\\\/www.fragadis.es\\\/es\\\/union-fragadis-lider-aliment\\\/#primaryimage\"},\"thumbnailUrl\":\"https:\\\/\\\/www.fragadis.es\\\/wp-content\\\/uploads\\\/2025\\\/07\\\/UNION-FRAGADIS-LIDER-ALIMENT.jpg\",\"articleSection\":[\"Noticias\"],\"inLanguage\":\"es\",\"potentialAction\":[{\"@type\":\"CommentAction\",\"name\":\"Comment\",\"target\":[\"https:\\\/\\\/www.fragadis.es\\\/es\\\/union-fragadis-lider-aliment\\\/#respond\"]}]},{\"@type\":\"WebPage\",\"@id\":\"https:\\\/\\\/www.fragadis.es\\\/es\\\/union-fragadis-lider-aliment\\\/\",\"url\":\"https:\\\/\\\/www.fragadis.es\\\/es\\\/union-fragadis-lider-aliment\\\/\",\"name\":\"Uni\u00f3n Fragadis y L\u00edder Aliment - Fragadis\",\"isPartOf\":{\"@id\":\"https:\\\/\\\/www.fragadis.es\\\/es\\\/#website\"},\"primaryImageOfPage\":{\"@id\":\"https:\\\/\\\/www.fragadis.es\\\/es\\\/union-fragadis-lider-aliment\\\/#primaryimage\"},\"image\":{\"@id\":\"https:\\\/\\\/www.fragadis.es\\\/es\\\/union-fragadis-lider-aliment\\\/#primaryimage\"},\"thumbnailUrl\":\"https:\\\/\\\/www.fragadis.es\\\/wp-content\\\/uploads\\\/2025\\\/07\\\/UNION-FRAGADIS-LIDER-ALIMENT.jpg\",\"datePublished\":\"2025-07-28T08:49:05+00:00\",\"dateModified\":\"2025-07-28T09:09:37+00:00\",\"description\":\"En un contexto econ\u00f3mico din\u00e1mico y lleno de oportunidades, donde la cooperaci\u00f3n estrat\u00e9gica entre empresas se revela como una clave para crecer y avanzar, Fragadis y Lider Aliment han anunciado su uni\u00f3n estrat\u00e9gica, marcando un hito relevante en su trayectoria empresarial y con el objetivo com\u00fan de fortalecer su presencia en el sector de la distribuci\u00f3n alimentaria bajo la ense\u00f1a SPAR.\",\"breadcrumb\":{\"@id\":\"https:\\\/\\\/www.fragadis.es\\\/es\\\/union-fragadis-lider-aliment\\\/#breadcrumb\"},\"inLanguage\":\"es\",\"potentialAction\":[{\"@type\":\"ReadAction\",\"target\":[\"https:\\\/\\\/www.fragadis.es\\\/es\\\/union-fragadis-lider-aliment\\\/\"]}]},{\"@type\":\"ImageObject\",\"inLanguage\":\"es\",\"@id\":\"https:\\\/\\\/www.fragadis.es\\\/es\\\/union-fragadis-lider-aliment\\\/#primaryimage\",\"url\":\"https:\\\/\\\/www.fragadis.es\\\/wp-content\\\/uploads\\\/2025\\\/07\\\/UNION-FRAGADIS-LIDER-ALIMENT.jpg\",\"contentUrl\":\"https:\\\/\\\/www.fragadis.es\\\/wp-content\\\/uploads\\\/2025\\\/07\\\/UNION-FRAGADIS-LIDER-ALIMENT.jpg\",\"width\":850,\"height\":478,\"caption\":\"Uni\u00f3n Fragadis y Lider Aliment\"},{\"@type\":\"BreadcrumbList\",\"@id\":\"https:\\\/\\\/www.fragadis.es\\\/es\\\/union-fragadis-lider-aliment\\\/#breadcrumb\",\"itemListElement\":[{\"@type\":\"ListItem\",\"position\":1,\"name\":\"Home\",\"item\":\"https:\\\/\\\/www.fragadis.es\\\/es\\\/\"},{\"@type\":\"ListItem\",\"position\":2,\"name\":\"Uni\u00f3n Fragadis y L\u00edder Aliment\"}]},{\"@type\":\"WebSite\",\"@id\":\"https:\\\/\\\/www.fragadis.es\\\/es\\\/#website\",\"url\":\"https:\\\/\\\/www.fragadis.es\\\/es\\\/\",\"name\":\"Fragadis\",\"description\":\"Supermercados, con m\u00e1s de 180 tiendas en Catalu\u00f1a, Huesca, Castell\u00f3n, Valencia y Alicante\",\"publisher\":{\"@id\":\"https:\\\/\\\/www.fragadis.es\\\/es\\\/#organization\"},\"potentialAction\":[{\"@type\":\"SearchAction\",\"target\":{\"@type\":\"EntryPoint\",\"urlTemplate\":\"https:\\\/\\\/www.fragadis.es\\\/es\\\/?s={search_term_string}\"},\"query-input\":{\"@type\":\"PropertyValueSpecification\",\"valueRequired\":true,\"valueName\":\"search_term_string\"}}],\"inLanguage\":\"es\"},{\"@type\":\"Organization\",\"@id\":\"https:\\\/\\\/www.fragadis.es\\\/es\\\/#organization\",\"name\":\"Fragadis\",\"url\":\"https:\\\/\\\/www.fragadis.es\\\/es\\\/\",\"logo\":{\"@type\":\"ImageObject\",\"inLanguage\":\"es\",\"@id\":\"https:\\\/\\\/www.fragadis.es\\\/es\\\/#\\\/schema\\\/logo\\\/image\\\/\",\"url\":\"https:\\\/\\\/www.fragadis.es\\\/wp-content\\\/uploads\\\/2023\\\/07\\\/logo-fragadis.png\",\"contentUrl\":\"https:\\\/\\\/www.fragadis.es\\\/wp-content\\\/uploads\\\/2023\\\/07\\\/logo-fragadis.png\",\"width\":1435,\"height\":321,\"caption\":\"Fragadis\"},\"image\":{\"@id\":\"https:\\\/\\\/www.fragadis.es\\\/es\\\/#\\\/schema\\\/logo\\\/image\\\/\"},\"sameAs\":[\"https:\\\/\\\/www.facebook.com\\\/Spar.Club.Fragadis\",\"https:\\\/\\\/www.instagram.com\\\/spar.club.fragadis\\\/\"]},{\"@type\":\"Person\",\"@id\":\"https:\\\/\\\/www.fragadis.es\\\/es\\\/#\\\/schema\\\/person\\\/a0bb30fea30f22f5621f437567dd3424\",\"name\":\"Carlos\",\"image\":{\"@type\":\"ImageObject\",\"inLanguage\":\"es\",\"@id\":\"https:\\\/\\\/secure.gravatar.com\\\/avatar\\\/6baddd41ade89ab65d95aa3de3ed14e72de78345911d8ac5855fa083aa4f78e3?s=96&d=mm&r=g\",\"url\":\"https:\\\/\\\/secure.gravatar.com\\\/avatar\\\/6baddd41ade89ab65d95aa3de3ed14e72de78345911d8ac5855fa083aa4f78e3?s=96&d=mm&r=g\",\"contentUrl\":\"https:\\\/\\\/secure.gravatar.com\\\/avatar\\\/6baddd41ade89ab65d95aa3de3ed14e72de78345911d8ac5855fa083aa4f78e3?s=96&d=mm&r=g\",\"caption\":\"Carlos\"},\"url\":\"https:\\\/\\\/www.fragadis.es\\\/es\\\/author\\\/carlos\\\/\"}]}<\/script>\n<!-- \/ Yoast SEO Premium plugin. -->","yoast_head_json":{"title":"Uni\u00f3n Fragadis y L\u00edder Aliment - Fragadis","description":"En un contexto econ\u00f3mico din\u00e1mico y lleno de oportunidades, donde la cooperaci\u00f3n estrat\u00e9gica entre empresas se revela como una clave para crecer y avanzar, Fragadis y Lider Aliment han anunciado su uni\u00f3n estrat\u00e9gica, marcando un hito relevante en su trayectoria empresarial y con el objetivo com\u00fan de fortalecer su presencia en el sector de la distribuci\u00f3n alimentaria bajo la ense\u00f1a SPAR.","robots":{"index":"index","follow":"follow","max-snippet":"max-snippet:-1","max-image-preview":"max-image-preview:large","max-video-preview":"max-video-preview:-1"},"canonical":"https:\/\/www.fragadis.es\/es\/union-fragadis-lider-aliment\/","og_locale":"es_ES","og_type":"article","og_title":"Uni\u00f3n Fragadis y L\u00edder Aliment","og_description":"En un contexto econ\u00f3mico din\u00e1mico y lleno de oportunidades, donde la cooperaci\u00f3n estrat\u00e9gica entre empresas se revela como una clave para crecer y avanzar, Fragadis y Lider Aliment han anunciado su uni\u00f3n estrat\u00e9gica, marcando un hito relevante en su trayectoria empresarial y con el objetivo com\u00fan de fortalecer su presencia en el sector de la distribuci\u00f3n alimentaria bajo la ense\u00f1a SPAR.","og_url":"https:\/\/www.fragadis.es\/es\/union-fragadis-lider-aliment\/","og_site_name":"Fragadis","article_publisher":"https:\/\/www.facebook.com\/Spar.Club.Fragadis","article_published_time":"2025-07-28T08:49:05+00:00","article_modified_time":"2025-07-28T09:09:37+00:00","og_image":[{"width":850,"height":478,"url":"https:\/\/www.fragadis.es\/wp-content\/uploads\/2025\/07\/UNION-FRAGADIS-LIDER-ALIMENT.jpg","type":"image\/jpeg"}],"author":"Carlos","twitter_card":"summary_large_image","twitter_misc":{"Escrito por":"Carlos","Tiempo de lectura":"3 minutos"},"schema":{"@context":"https:\/\/schema.org","@graph":[{"@type":"Article","@id":"https:\/\/www.fragadis.es\/es\/union-fragadis-lider-aliment\/#article","isPartOf":{"@id":"https:\/\/www.fragadis.es\/es\/union-fragadis-lider-aliment\/"},"author":{"name":"Carlos","@id":"https:\/\/www.fragadis.es\/es\/#\/schema\/person\/a0bb30fea30f22f5621f437567dd3424"},"headline":"Uni\u00f3n Fragadis y L\u00edder Aliment","datePublished":"2025-07-28T08:49:05+00:00","dateModified":"2025-07-28T09:09:37+00:00","mainEntityOfPage":{"@id":"https:\/\/www.fragadis.es\/es\/union-fragadis-lider-aliment\/"},"wordCount":1839,"commentCount":0,"publisher":{"@id":"https:\/\/www.fragadis.es\/es\/#organization"},"image":{"@id":"https:\/\/www.fragadis.es\/es\/union-fragadis-lider-aliment\/#primaryimage"},"thumbnailUrl":"https:\/\/www.fragadis.es\/wp-content\/uploads\/2025\/07\/UNION-FRAGADIS-LIDER-ALIMENT.jpg","articleSection":["Noticias"],"inLanguage":"es","potentialAction":[{"@type":"CommentAction","name":"Comment","target":["https:\/\/www.fragadis.es\/es\/union-fragadis-lider-aliment\/#respond"]}]},{"@type":"WebPage","@id":"https:\/\/www.fragadis.es\/es\/union-fragadis-lider-aliment\/","url":"https:\/\/www.fragadis.es\/es\/union-fragadis-lider-aliment\/","name":"Uni\u00f3n Fragadis y L\u00edder Aliment - Fragadis","isPartOf":{"@id":"https:\/\/www.fragadis.es\/es\/#website"},"primaryImageOfPage":{"@id":"https:\/\/www.fragadis.es\/es\/union-fragadis-lider-aliment\/#primaryimage"},"image":{"@id":"https:\/\/www.fragadis.es\/es\/union-fragadis-lider-aliment\/#primaryimage"},"thumbnailUrl":"https:\/\/www.fragadis.es\/wp-content\/uploads\/2025\/07\/UNION-FRAGADIS-LIDER-ALIMENT.jpg","datePublished":"2025-07-28T08:49:05+00:00","dateModified":"2025-07-28T09:09:37+00:00","description":"En un contexto econ\u00f3mico din\u00e1mico y lleno de oportunidades, donde la cooperaci\u00f3n estrat\u00e9gica entre empresas se revela como una clave para crecer y avanzar, Fragadis y Lider Aliment han anunciado su uni\u00f3n estrat\u00e9gica, marcando un hito relevante en su trayectoria empresarial y con el objetivo com\u00fan de fortalecer su presencia en el sector de la distribuci\u00f3n alimentaria bajo la ense\u00f1a SPAR.","breadcrumb":{"@id":"https:\/\/www.fragadis.es\/es\/union-fragadis-lider-aliment\/#breadcrumb"},"inLanguage":"es","potentialAction":[{"@type":"ReadAction","target":["https:\/\/www.fragadis.es\/es\/union-fragadis-lider-aliment\/"]}]},{"@type":"ImageObject","inLanguage":"es","@id":"https:\/\/www.fragadis.es\/es\/union-fragadis-lider-aliment\/#primaryimage","url":"https:\/\/www.fragadis.es\/wp-content\/uploads\/2025\/07\/UNION-FRAGADIS-LIDER-ALIMENT.jpg","contentUrl":"https:\/\/www.fragadis.es\/wp-content\/uploads\/2025\/07\/UNION-FRAGADIS-LIDER-ALIMENT.jpg","width":850,"height":478,"caption":"Uni\u00f3n Fragadis y Lider Aliment"},{"@type":"BreadcrumbList","@id":"https:\/\/www.fragadis.es\/es\/union-fragadis-lider-aliment\/#breadcrumb","itemListElement":[{"@type":"ListItem","position":1,"name":"Home","item":"https:\/\/www.fragadis.es\/es\/"},{"@type":"ListItem","position":2,"name":"Uni\u00f3n Fragadis y L\u00edder Aliment"}]},{"@type":"WebSite","@id":"https:\/\/www.fragadis.es\/es\/#website","url":"https:\/\/www.fragadis.es\/es\/","name":"Fragadis","description":"Supermercados, con m\u00e1s de 180 tiendas en Catalu\u00f1a, Huesca, Castell\u00f3n, Valencia y Alicante","publisher":{"@id":"https:\/\/www.fragadis.es\/es\/#organization"},"potentialAction":[{"@type":"SearchAction","target":{"@type":"EntryPoint","urlTemplate":"https:\/\/www.fragadis.es\/es\/?s={search_term_string}"},"query-input":{"@type":"PropertyValueSpecification","valueRequired":true,"valueName":"search_term_string"}}],"inLanguage":"es"},{"@type":"Organization","@id":"https:\/\/www.fragadis.es\/es\/#organization","name":"Fragadis","url":"https:\/\/www.fragadis.es\/es\/","logo":{"@type":"ImageObject","inLanguage":"es","@id":"https:\/\/www.fragadis.es\/es\/#\/schema\/logo\/image\/","url":"https:\/\/www.fragadis.es\/wp-content\/uploads\/2023\/07\/logo-fragadis.png","contentUrl":"https:\/\/www.fragadis.es\/wp-content\/uploads\/2023\/07\/logo-fragadis.png","width":1435,"height":321,"caption":"Fragadis"},"image":{"@id":"https:\/\/www.fragadis.es\/es\/#\/schema\/logo\/image\/"},"sameAs":["https:\/\/www.facebook.com\/Spar.Club.Fragadis","https:\/\/www.instagram.com\/spar.club.fragadis\/"]},{"@type":"Person","@id":"https:\/\/www.fragadis.es\/es\/#\/schema\/person\/a0bb30fea30f22f5621f437567dd3424","name":"Carlos","image":{"@type":"ImageObject","inLanguage":"es","@id":"https:\/\/secure.gravatar.com\/avatar\/6baddd41ade89ab65d95aa3de3ed14e72de78345911d8ac5855fa083aa4f78e3?s=96&d=mm&r=g","url":"https:\/\/secure.gravatar.com\/avatar\/6baddd41ade89ab65d95aa3de3ed14e72de78345911d8ac5855fa083aa4f78e3?s=96&d=mm&r=g","contentUrl":"https:\/\/secure.gravatar.com\/avatar\/6baddd41ade89ab65d95aa3de3ed14e72de78345911d8ac5855fa083aa4f78e3?s=96&d=mm&r=g","caption":"Carlos"},"url":"https:\/\/www.fragadis.es\/es\/author\/carlos\/"}]}},"_links":{"self":[{"href":"https:\/\/www.fragadis.es\/es\/wp-json\/wp\/v2\/posts\/24285","targetHints":{"allow":["GET"]}}],"collection":[{"href":"https:\/\/www.fragadis.es\/es\/wp-json\/wp\/v2\/posts"}],"about":[{"href":"https:\/\/www.fragadis.es\/es\/wp-json\/wp\/v2\/types\/post"}],"author":[{"embeddable":true,"href":"https:\/\/www.fragadis.es\/es\/wp-json\/wp\/v2\/users\/3"}],"replies":[{"embeddable":true,"href":"https:\/\/www.fragadis.es\/es\/wp-json\/wp\/v2\/comments?post=24285"}],"version-history":[{"count":7,"href":"https:\/\/www.fragadis.es\/es\/wp-json\/wp\/v2\/posts\/24285\/revisions"}],"predecessor-version":[{"id":24296,"href":"https:\/\/www.fragadis.es\/es\/wp-json\/wp\/v2\/posts\/24285\/revisions\/24296"}],"wp:featuredmedia":[{"embeddable":true,"href":"https:\/\/www.fragadis.es\/es\/wp-json\/wp\/v2\/media\/24282"}],"wp:attachment":[{"href":"https:\/\/www.fragadis.es\/es\/wp-json\/wp\/v2\/media?parent=24285"}],"wp:term":[{"taxonomy":"category","embeddable":true,"href":"https:\/\/www.fragadis.es\/es\/wp-json\/wp\/v2\/categories?post=24285"},{"taxonomy":"post_tag","embeddable":true,"href":"https:\/\/www.fragadis.es\/es\/wp-json\/wp\/v2\/tags?post=24285"}],"curies":[{"name":"wp","href":"https:\/\/api.w.org\/{rel}","templated":true}]}}