{"id":24507,"date":"2025-09-25T09:22:12","date_gmt":"2025-09-25T07:22:12","guid":{"rendered":"https:\/\/www.fragadis.es\/?p=24507"},"modified":"2026-01-23T14:42:35","modified_gmt":"2026-01-23T13:42:35","slug":"nueva-inauguracion-en-banyeres-del-penedes","status":"publish","type":"post","link":"https:\/\/www.fragadis.es\/es\/nueva-inauguracion-en-banyeres-del-penedes\/","title":{"rendered":"Nueva inauguraci\u00f3n en Banyeres del Pened\u00e8s"},"content":{"rendered":"<p><div class=\"fusion-fullwidth fullwidth-box fusion-builder-row-1 fusion-flex-container nonhundred-percent-fullwidth non-hundred-percent-height-scrolling\" style=\"--awb-border-radius-top-left:0px;--awb-border-radius-top-right:0px;--awb-border-radius-bottom-right:0px;--awb-border-radius-bottom-left:0px;--awb-flex-wrap:wrap;\" ><div class=\"fusion-builder-row fusion-row fusion-flex-align-items-flex-start fusion-flex-content-wrap\" style=\"max-width:1248px;margin-left: calc(-4% \/ 2 );margin-right: calc(-4% \/ 2 );\"><div class=\"fusion-layout-column fusion_builder_column fusion-builder-column-0 fusion_builder_column_1_1 1_1 fusion-flex-column\" style=\"--awb-bg-size:cover;--awb-width-large:100%;--awb-margin-top-large:0px;--awb-spacing-right-large:1.92%;--awb-margin-bottom-large:0px;--awb-spacing-left-large:1.92%;--awb-width-medium:100%;--awb-spacing-right-medium:1.92%;--awb-spacing-left-medium:1.92%;--awb-width-small:100%;--awb-spacing-right-small:1.92%;--awb-spacing-left-small:1.92%;\"><div class=\"fusion-column-wrapper fusion-flex-justify-content-flex-start fusion-content-layout-column\"><\/div><\/div><\/div><\/div><div class=\"fusion-fullwidth fullwidth-box fusion-builder-row-2 fusion-flex-container has-pattern-background has-mask-background nonhundred-percent-fullwidth non-hundred-percent-height-scrolling\" style=\"--awb-border-radius-top-left:0px;--awb-border-radius-top-right:0px;--awb-border-radius-bottom-right:0px;--awb-border-radius-bottom-left:0px;--awb-flex-wrap:wrap;\" ><div class=\"fusion-builder-row fusion-row fusion-flex-align-items-flex-start fusion-flex-content-wrap\" style=\"max-width:1248px;margin-left: calc(-4% \/ 2 );margin-right: calc(-4% \/ 2 );\"><div class=\"fusion-layout-column fusion_builder_column fusion-builder-column-1 fusion_builder_column_1_1 1_1 fusion-flex-column\" style=\"--awb-bg-size:cover;--awb-width-large:100%;--awb-margin-top-large:0px;--awb-spacing-right-large:1.92%;--awb-margin-bottom-large:20px;--awb-spacing-left-large:1.92%;--awb-width-medium:100%;--awb-order-medium:0;--awb-spacing-right-medium:1.92%;--awb-spacing-left-medium:1.92%;--awb-width-small:100%;--awb-order-small:0;--awb-spacing-right-small:1.92%;--awb-spacing-left-small:1.92%;\"><div class=\"fusion-column-wrapper fusion-column-has-shadow fusion-flex-justify-content-flex-start fusion-content-layout-column\"><div class=\"fusion-text fusion-text-1\"><h1><strong>Nueva inauguraci\u00f3n en Banyeres del Pened\u00e8s.<br \/><\/strong><\/h1>\n<h2><strong>Fragadis refuerza su presencia en Catalunya<\/strong>.<\/h2>\n<p>Fragadis inicia el a\u00f1o 2026 consolidando su expansi\u00f3n en Catalu\u00f1a con la apertura de un nuevo supermercado SPAR en Banyeres de Pened\u00e8s (Tarragona). Con esta inauguraci\u00f3n, la compa\u00f1\u00eda alcanza los 124 establecimientos SPAR en esta comunidad y eleva su red total en el territorio nacional a 236 supermercados, incluyendo la ense\u00f1a Economy Cash. Este crecimiento refuerza su presencia a lo largo del arco mediterr\u00e1neo y el suroeste peninsular, superando los 255.000 m\u00b2 de superficie de venta<\/p>\n<p>El nuevo establecimiento abrir\u00e1 sus puertas el pr\u00f3ximo 22 de enero y estar\u00e1 ubicado en la calle Josep Maria Caparr\u00f3s, en la confluencia con avenida \u00c0ngel Guimer\u00e0, una de las principales rotondas de acceso al municipio.<\/p>\n<p>El supermercado contar\u00e1 con una superficie total superior a 1.150 m\u00b2, de los cuales 800 m\u00b2 se destinar\u00e1n a sala de ventas. La tienda ofrecer\u00e1 un amplio surtido de productos de primeras marcas y de la marca propia SPAR, reconocida por su excelente relaci\u00f3n calidad-precio. Asimismo, dispondr\u00e1 de una cuidada secci\u00f3n de frutas y verduras frescas, panader\u00eda y boller\u00eda horneada diariamente, y un nuevo formato de murales de carnicer\u00eda de gran extensi\u00f3n. Todo ello se integra en un espacio luminoso, con pasillos amplios que mejoran la experiencia de compra y proporcionan un entorno de trabajo confortable.<\/p>\n<p>Para mayor comodidad de los clientes, el establecimiento pondr\u00e1 a disposici\u00f3n 26 plazas de aparcamiento, dos de ellas equipadas con puntos de recarga para veh\u00edculos el\u00e9ctricos.<\/p>\n<p>En l\u00ednea con su compromiso con el desarrollo local, Fragadis ha incorporado a su plantilla a 14 nuevos profesionales, todos ellos procedentes del \u00e1rea de influencia de la poblaci\u00f3n. Esta apuesta por el talento de proximidad permite prestar una atenci\u00f3n cercana, basada en el conocimiento del entorno y adaptada a las necesidades demandadas por el cliente.<\/p>\n<p>El horario comercial ser\u00e1 de lunes a s\u00e1bado, de 08:30 a 21:00 horas, y domingos, de 09:00 a 15:00 horas.<\/p>\n<p>Este nuevo supermercado se integra en el modelo de tienda Eco Eficiente impulsado por Fragadis, orientado a la sostenibilidad y al ahorro energ\u00e9tico. El establecimiento incorpora iluminaci\u00f3n LED de bajo consumo con sistema de regulaci\u00f3n DAL\u00cd para optimizar el aprovechamiento de la luz natural, equipos de refrigeraci\u00f3n y congelaci\u00f3n de \u00faltima generaci\u00f3n \u2014estos \u00faltimos con puertas de doble cristal abatible\u2014, sistemas de recuperaci\u00f3n de calor mediante cruce de flujos de aire y una instalaci\u00f3n fotovoltaica en cubierta con una potencia de 50 kWp.<br \/>La adopci\u00f3n de estas tecnolog\u00edas permite reducir de forma significativa el consumo energ\u00e9tico respecto a los supermercados tradicionales, en coherencia con los objetivos de eficiencia energ\u00e9tica y respeto medioambiental de la compa\u00f1\u00eda.<\/p>\n<p>Con esta nueva apertura, Fragadis reafirma su apuesta por un modelo de comercio de proximidad moderno y eficiente, centrado en ofrecer una experiencia de compra completa y c\u00f3moda, con productos de calidad, atenci\u00f3n personalizada y precios altamente competitivos.<\/p>\n<\/div><\/div><\/div><\/div><\/div><\/p>\n","protected":false},"excerpt":{"rendered":"","protected":false},"author":3,"featured_media":24963,"comment_status":"open","ping_status":"open","sticky":false,"template":"","format":"standard","meta":{"footnotes":""},"categories":[75],"tags":[],"class_list":["post-24507","post","type-post","status-publish","format-standard","has-post-thumbnail","hentry","category-noticias"],"yoast_head":"<!-- This site is optimized with the Yoast SEO Premium plugin v28.2 (Yoast SEO v28.2) - https:\/\/yoast.com\/product\/yoast-seo-premium-wordpress\/ -->\n<title>Nueva inauguraci\u00f3n en Banyeres del Pened\u00e8s - Fragadis<\/title>\n<meta name=\"description\" content=\"En un contexto econ\u00f3mico din\u00e1mico y lleno de oportunidades, donde la cooperaci\u00f3n estrat\u00e9gica entre empresas se revela como una clave para crecer y avanzar, Fragadis y Lider Aliment han anunciado su uni\u00f3n estrat\u00e9gica, marcando un hito relevante en su trayectoria empresarial y con el objetivo com\u00fan de fortalecer su presencia en el sector de la distribuci\u00f3n alimentaria bajo la ense\u00f1a SPAR.\" \/>\n<meta name=\"robots\" content=\"index, follow, max-snippet:-1, max-image-preview:large, max-video-preview:-1\" \/>\n<link rel=\"canonical\" href=\"https:\/\/www.fragadis.es\/es\/nueva-inauguracion-en-banyeres-del-penedes\/\" \/>\n<meta property=\"og:locale\" content=\"es_ES\" \/>\n<meta property=\"og:type\" content=\"article\" \/>\n<meta property=\"og:title\" content=\"Nueva inauguraci\u00f3n en Banyeres del Pened\u00e8s\" \/>\n<meta property=\"og:description\" content=\"En un contexto econ\u00f3mico din\u00e1mico y lleno de oportunidades, donde la cooperaci\u00f3n estrat\u00e9gica entre empresas se revela como una clave para crecer y avanzar, Fragadis y Lider Aliment han anunciado su uni\u00f3n estrat\u00e9gica, marcando un hito relevante en su trayectoria empresarial y con el objetivo com\u00fan de fortalecer su presencia en el sector de la distribuci\u00f3n alimentaria bajo la ense\u00f1a SPAR.\" \/>\n<meta property=\"og:url\" content=\"https:\/\/www.fragadis.es\/es\/nueva-inauguracion-en-banyeres-del-penedes\/\" \/>\n<meta property=\"og:site_name\" content=\"Fragadis\" \/>\n<meta property=\"article:publisher\" content=\"https:\/\/www.facebook.com\/Spar.Club.Fragadis\" \/>\n<meta property=\"article:published_time\" content=\"2025-09-25T07:22:12+00:00\" \/>\n<meta property=\"article:modified_time\" content=\"2026-01-23T13:42:35+00:00\" \/>\n<meta property=\"og:image\" content=\"https:\/\/www.fragadis.es\/wp-content\/uploads\/2026\/01\/243_fachada.jpg\" \/>\n\t<meta property=\"og:image:width\" content=\"1020\" \/>\n\t<meta property=\"og:image:height\" content=\"765\" \/>\n\t<meta property=\"og:image:type\" content=\"image\/jpeg\" \/>\n<meta name=\"author\" content=\"Carlos\" \/>\n<meta name=\"twitter:card\" content=\"summary_large_image\" \/>\n<meta name=\"twitter:label1\" content=\"Escrito por\" \/>\n\t<meta name=\"twitter:data1\" content=\"Carlos\" \/>\n\t<meta name=\"twitter:label2\" content=\"Tiempo de lectura\" \/>\n\t<meta name=\"twitter:data2\" content=\"3 minutos\" \/>\n<script type=\"application\/ld+json\" class=\"yoast-schema-graph\">{\"@context\":\"https:\\\/\\\/schema.org\",\"@graph\":[{\"@type\":\"Article\",\"@id\":\"https:\\\/\\\/www.fragadis.es\\\/es\\\/nueva-inauguracion-en-banyeres-del-penedes\\\/#article\",\"isPartOf\":{\"@id\":\"https:\\\/\\\/www.fragadis.es\\\/es\\\/nueva-inauguracion-en-banyeres-del-penedes\\\/\"},\"author\":{\"name\":\"Carlos\",\"@id\":\"https:\\\/\\\/www.fragadis.es\\\/es\\\/#\\\/schema\\\/person\\\/a0bb30fea30f22f5621f437567dd3424\"},\"headline\":\"Nueva inauguraci\u00f3n en Banyeres del Pened\u00e8s\",\"datePublished\":\"2025-09-25T07:22:12+00:00\",\"dateModified\":\"2026-01-23T13:42:35+00:00\",\"mainEntityOfPage\":{\"@id\":\"https:\\\/\\\/www.fragadis.es\\\/es\\\/nueva-inauguracion-en-banyeres-del-penedes\\\/\"},\"wordCount\":1774,\"commentCount\":0,\"publisher\":{\"@id\":\"https:\\\/\\\/www.fragadis.es\\\/es\\\/#organization\"},\"image\":{\"@id\":\"https:\\\/\\\/www.fragadis.es\\\/es\\\/nueva-inauguracion-en-banyeres-del-penedes\\\/#primaryimage\"},\"thumbnailUrl\":\"https:\\\/\\\/www.fragadis.es\\\/wp-content\\\/uploads\\\/2026\\\/01\\\/243_fachada.jpg\",\"articleSection\":[\"Noticias\"],\"inLanguage\":\"es\",\"potentialAction\":[{\"@type\":\"CommentAction\",\"name\":\"Comment\",\"target\":[\"https:\\\/\\\/www.fragadis.es\\\/es\\\/nueva-inauguracion-en-banyeres-del-penedes\\\/#respond\"]}]},{\"@type\":\"WebPage\",\"@id\":\"https:\\\/\\\/www.fragadis.es\\\/es\\\/nueva-inauguracion-en-banyeres-del-penedes\\\/\",\"url\":\"https:\\\/\\\/www.fragadis.es\\\/es\\\/nueva-inauguracion-en-banyeres-del-penedes\\\/\",\"name\":\"Nueva inauguraci\u00f3n en Banyeres del Pened\u00e8s - Fragadis\",\"isPartOf\":{\"@id\":\"https:\\\/\\\/www.fragadis.es\\\/es\\\/#website\"},\"primaryImageOfPage\":{\"@id\":\"https:\\\/\\\/www.fragadis.es\\\/es\\\/nueva-inauguracion-en-banyeres-del-penedes\\\/#primaryimage\"},\"image\":{\"@id\":\"https:\\\/\\\/www.fragadis.es\\\/es\\\/nueva-inauguracion-en-banyeres-del-penedes\\\/#primaryimage\"},\"thumbnailUrl\":\"https:\\\/\\\/www.fragadis.es\\\/wp-content\\\/uploads\\\/2026\\\/01\\\/243_fachada.jpg\",\"datePublished\":\"2025-09-25T07:22:12+00:00\",\"dateModified\":\"2026-01-23T13:42:35+00:00\",\"description\":\"En un contexto econ\u00f3mico din\u00e1mico y lleno de oportunidades, donde la cooperaci\u00f3n estrat\u00e9gica entre empresas se revela como una clave para crecer y avanzar, Fragadis y Lider Aliment han anunciado su uni\u00f3n estrat\u00e9gica, marcando un hito relevante en su trayectoria empresarial y con el objetivo com\u00fan de fortalecer su presencia en el sector de la distribuci\u00f3n alimentaria bajo la ense\u00f1a SPAR.\",\"breadcrumb\":{\"@id\":\"https:\\\/\\\/www.fragadis.es\\\/es\\\/nueva-inauguracion-en-banyeres-del-penedes\\\/#breadcrumb\"},\"inLanguage\":\"es\",\"potentialAction\":[{\"@type\":\"ReadAction\",\"target\":[\"https:\\\/\\\/www.fragadis.es\\\/es\\\/nueva-inauguracion-en-banyeres-del-penedes\\\/\"]}]},{\"@type\":\"ImageObject\",\"inLanguage\":\"es\",\"@id\":\"https:\\\/\\\/www.fragadis.es\\\/es\\\/nueva-inauguracion-en-banyeres-del-penedes\\\/#primaryimage\",\"url\":\"https:\\\/\\\/www.fragadis.es\\\/wp-content\\\/uploads\\\/2026\\\/01\\\/243_fachada.jpg\",\"contentUrl\":\"https:\\\/\\\/www.fragadis.es\\\/wp-content\\\/uploads\\\/2026\\\/01\\\/243_fachada.jpg\",\"width\":1020,\"height\":765,\"caption\":\"Fachada Banyeres del Pened\u00e8s\"},{\"@type\":\"BreadcrumbList\",\"@id\":\"https:\\\/\\\/www.fragadis.es\\\/es\\\/nueva-inauguracion-en-banyeres-del-penedes\\\/#breadcrumb\",\"itemListElement\":[{\"@type\":\"ListItem\",\"position\":1,\"name\":\"Home\",\"item\":\"https:\\\/\\\/www.fragadis.es\\\/es\\\/\"},{\"@type\":\"ListItem\",\"position\":2,\"name\":\"Nueva inauguraci\u00f3n en Banyeres del Pened\u00e8s\"}]},{\"@type\":\"WebSite\",\"@id\":\"https:\\\/\\\/www.fragadis.es\\\/es\\\/#website\",\"url\":\"https:\\\/\\\/www.fragadis.es\\\/es\\\/\",\"name\":\"Fragadis\",\"description\":\"Supermercados, con m\u00e1s de 180 tiendas en Catalu\u00f1a, Huesca, Castell\u00f3n, Valencia y Alicante\",\"publisher\":{\"@id\":\"https:\\\/\\\/www.fragadis.es\\\/es\\\/#organization\"},\"potentialAction\":[{\"@type\":\"SearchAction\",\"target\":{\"@type\":\"EntryPoint\",\"urlTemplate\":\"https:\\\/\\\/www.fragadis.es\\\/es\\\/?s={search_term_string}\"},\"query-input\":{\"@type\":\"PropertyValueSpecification\",\"valueRequired\":true,\"valueName\":\"search_term_string\"}}],\"inLanguage\":\"es\"},{\"@type\":\"Organization\",\"@id\":\"https:\\\/\\\/www.fragadis.es\\\/es\\\/#organization\",\"name\":\"Fragadis\",\"url\":\"https:\\\/\\\/www.fragadis.es\\\/es\\\/\",\"logo\":{\"@type\":\"ImageObject\",\"inLanguage\":\"es\",\"@id\":\"https:\\\/\\\/www.fragadis.es\\\/es\\\/#\\\/schema\\\/logo\\\/image\\\/\",\"url\":\"https:\\\/\\\/www.fragadis.es\\\/wp-content\\\/uploads\\\/2023\\\/07\\\/logo-fragadis.png\",\"contentUrl\":\"https:\\\/\\\/www.fragadis.es\\\/wp-content\\\/uploads\\\/2023\\\/07\\\/logo-fragadis.png\",\"width\":1435,\"height\":321,\"caption\":\"Fragadis\"},\"image\":{\"@id\":\"https:\\\/\\\/www.fragadis.es\\\/es\\\/#\\\/schema\\\/logo\\\/image\\\/\"},\"sameAs\":[\"https:\\\/\\\/www.facebook.com\\\/Spar.Club.Fragadis\",\"https:\\\/\\\/www.instagram.com\\\/spar.club.fragadis\\\/\"]},{\"@type\":\"Person\",\"@id\":\"https:\\\/\\\/www.fragadis.es\\\/es\\\/#\\\/schema\\\/person\\\/a0bb30fea30f22f5621f437567dd3424\",\"name\":\"Carlos\",\"image\":{\"@type\":\"ImageObject\",\"inLanguage\":\"es\",\"@id\":\"https:\\\/\\\/secure.gravatar.com\\\/avatar\\\/6baddd41ade89ab65d95aa3de3ed14e72de78345911d8ac5855fa083aa4f78e3?s=96&d=mm&r=g\",\"url\":\"https:\\\/\\\/secure.gravatar.com\\\/avatar\\\/6baddd41ade89ab65d95aa3de3ed14e72de78345911d8ac5855fa083aa4f78e3?s=96&d=mm&r=g\",\"contentUrl\":\"https:\\\/\\\/secure.gravatar.com\\\/avatar\\\/6baddd41ade89ab65d95aa3de3ed14e72de78345911d8ac5855fa083aa4f78e3?s=96&d=mm&r=g\",\"caption\":\"Carlos\"},\"url\":\"https:\\\/\\\/www.fragadis.es\\\/es\\\/author\\\/carlos\\\/\"}]}<\/script>\n<!-- \/ Yoast SEO Premium plugin. -->","yoast_head_json":{"title":"Nueva inauguraci\u00f3n en Banyeres del Pened\u00e8s - Fragadis","description":"En un contexto econ\u00f3mico din\u00e1mico y lleno de oportunidades, donde la cooperaci\u00f3n estrat\u00e9gica entre empresas se revela como una clave para crecer y avanzar, Fragadis y Lider Aliment han anunciado su uni\u00f3n estrat\u00e9gica, marcando un hito relevante en su trayectoria empresarial y con el objetivo com\u00fan de fortalecer su presencia en el sector de la distribuci\u00f3n alimentaria bajo la ense\u00f1a SPAR.","robots":{"index":"index","follow":"follow","max-snippet":"max-snippet:-1","max-image-preview":"max-image-preview:large","max-video-preview":"max-video-preview:-1"},"canonical":"https:\/\/www.fragadis.es\/es\/nueva-inauguracion-en-banyeres-del-penedes\/","og_locale":"es_ES","og_type":"article","og_title":"Nueva inauguraci\u00f3n en Banyeres del Pened\u00e8s","og_description":"En un contexto econ\u00f3mico din\u00e1mico y lleno de oportunidades, donde la cooperaci\u00f3n estrat\u00e9gica entre empresas se revela como una clave para crecer y avanzar, Fragadis y Lider Aliment han anunciado su uni\u00f3n estrat\u00e9gica, marcando un hito relevante en su trayectoria empresarial y con el objetivo com\u00fan de fortalecer su presencia en el sector de la distribuci\u00f3n alimentaria bajo la ense\u00f1a SPAR.","og_url":"https:\/\/www.fragadis.es\/es\/nueva-inauguracion-en-banyeres-del-penedes\/","og_site_name":"Fragadis","article_publisher":"https:\/\/www.facebook.com\/Spar.Club.Fragadis","article_published_time":"2025-09-25T07:22:12+00:00","article_modified_time":"2026-01-23T13:42:35+00:00","og_image":[{"width":1020,"height":765,"url":"https:\/\/www.fragadis.es\/wp-content\/uploads\/2026\/01\/243_fachada.jpg","type":"image\/jpeg"}],"author":"Carlos","twitter_card":"summary_large_image","twitter_misc":{"Escrito por":"Carlos","Tiempo de lectura":"3 minutos"},"schema":{"@context":"https:\/\/schema.org","@graph":[{"@type":"Article","@id":"https:\/\/www.fragadis.es\/es\/nueva-inauguracion-en-banyeres-del-penedes\/#article","isPartOf":{"@id":"https:\/\/www.fragadis.es\/es\/nueva-inauguracion-en-banyeres-del-penedes\/"},"author":{"name":"Carlos","@id":"https:\/\/www.fragadis.es\/es\/#\/schema\/person\/a0bb30fea30f22f5621f437567dd3424"},"headline":"Nueva inauguraci\u00f3n en Banyeres del Pened\u00e8s","datePublished":"2025-09-25T07:22:12+00:00","dateModified":"2026-01-23T13:42:35+00:00","mainEntityOfPage":{"@id":"https:\/\/www.fragadis.es\/es\/nueva-inauguracion-en-banyeres-del-penedes\/"},"wordCount":1774,"commentCount":0,"publisher":{"@id":"https:\/\/www.fragadis.es\/es\/#organization"},"image":{"@id":"https:\/\/www.fragadis.es\/es\/nueva-inauguracion-en-banyeres-del-penedes\/#primaryimage"},"thumbnailUrl":"https:\/\/www.fragadis.es\/wp-content\/uploads\/2026\/01\/243_fachada.jpg","articleSection":["Noticias"],"inLanguage":"es","potentialAction":[{"@type":"CommentAction","name":"Comment","target":["https:\/\/www.fragadis.es\/es\/nueva-inauguracion-en-banyeres-del-penedes\/#respond"]}]},{"@type":"WebPage","@id":"https:\/\/www.fragadis.es\/es\/nueva-inauguracion-en-banyeres-del-penedes\/","url":"https:\/\/www.fragadis.es\/es\/nueva-inauguracion-en-banyeres-del-penedes\/","name":"Nueva inauguraci\u00f3n en Banyeres del Pened\u00e8s - Fragadis","isPartOf":{"@id":"https:\/\/www.fragadis.es\/es\/#website"},"primaryImageOfPage":{"@id":"https:\/\/www.fragadis.es\/es\/nueva-inauguracion-en-banyeres-del-penedes\/#primaryimage"},"image":{"@id":"https:\/\/www.fragadis.es\/es\/nueva-inauguracion-en-banyeres-del-penedes\/#primaryimage"},"thumbnailUrl":"https:\/\/www.fragadis.es\/wp-content\/uploads\/2026\/01\/243_fachada.jpg","datePublished":"2025-09-25T07:22:12+00:00","dateModified":"2026-01-23T13:42:35+00:00","description":"En un contexto econ\u00f3mico din\u00e1mico y lleno de oportunidades, donde la cooperaci\u00f3n estrat\u00e9gica entre empresas se revela como una clave para crecer y avanzar, Fragadis y Lider Aliment han anunciado su uni\u00f3n estrat\u00e9gica, marcando un hito relevante en su trayectoria empresarial y con el objetivo com\u00fan de fortalecer su presencia en el sector de la distribuci\u00f3n alimentaria bajo la ense\u00f1a SPAR.","breadcrumb":{"@id":"https:\/\/www.fragadis.es\/es\/nueva-inauguracion-en-banyeres-del-penedes\/#breadcrumb"},"inLanguage":"es","potentialAction":[{"@type":"ReadAction","target":["https:\/\/www.fragadis.es\/es\/nueva-inauguracion-en-banyeres-del-penedes\/"]}]},{"@type":"ImageObject","inLanguage":"es","@id":"https:\/\/www.fragadis.es\/es\/nueva-inauguracion-en-banyeres-del-penedes\/#primaryimage","url":"https:\/\/www.fragadis.es\/wp-content\/uploads\/2026\/01\/243_fachada.jpg","contentUrl":"https:\/\/www.fragadis.es\/wp-content\/uploads\/2026\/01\/243_fachada.jpg","width":1020,"height":765,"caption":"Fachada Banyeres del Pened\u00e8s"},{"@type":"BreadcrumbList","@id":"https:\/\/www.fragadis.es\/es\/nueva-inauguracion-en-banyeres-del-penedes\/#breadcrumb","itemListElement":[{"@type":"ListItem","position":1,"name":"Home","item":"https:\/\/www.fragadis.es\/es\/"},{"@type":"ListItem","position":2,"name":"Nueva inauguraci\u00f3n en Banyeres del Pened\u00e8s"}]},{"@type":"WebSite","@id":"https:\/\/www.fragadis.es\/es\/#website","url":"https:\/\/www.fragadis.es\/es\/","name":"Fragadis","description":"Supermercados, con m\u00e1s de 180 tiendas en Catalu\u00f1a, Huesca, Castell\u00f3n, Valencia y Alicante","publisher":{"@id":"https:\/\/www.fragadis.es\/es\/#organization"},"potentialAction":[{"@type":"SearchAction","target":{"@type":"EntryPoint","urlTemplate":"https:\/\/www.fragadis.es\/es\/?s={search_term_string}"},"query-input":{"@type":"PropertyValueSpecification","valueRequired":true,"valueName":"search_term_string"}}],"inLanguage":"es"},{"@type":"Organization","@id":"https:\/\/www.fragadis.es\/es\/#organization","name":"Fragadis","url":"https:\/\/www.fragadis.es\/es\/","logo":{"@type":"ImageObject","inLanguage":"es","@id":"https:\/\/www.fragadis.es\/es\/#\/schema\/logo\/image\/","url":"https:\/\/www.fragadis.es\/wp-content\/uploads\/2023\/07\/logo-fragadis.png","contentUrl":"https:\/\/www.fragadis.es\/wp-content\/uploads\/2023\/07\/logo-fragadis.png","width":1435,"height":321,"caption":"Fragadis"},"image":{"@id":"https:\/\/www.fragadis.es\/es\/#\/schema\/logo\/image\/"},"sameAs":["https:\/\/www.facebook.com\/Spar.Club.Fragadis","https:\/\/www.instagram.com\/spar.club.fragadis\/"]},{"@type":"Person","@id":"https:\/\/www.fragadis.es\/es\/#\/schema\/person\/a0bb30fea30f22f5621f437567dd3424","name":"Carlos","image":{"@type":"ImageObject","inLanguage":"es","@id":"https:\/\/secure.gravatar.com\/avatar\/6baddd41ade89ab65d95aa3de3ed14e72de78345911d8ac5855fa083aa4f78e3?s=96&d=mm&r=g","url":"https:\/\/secure.gravatar.com\/avatar\/6baddd41ade89ab65d95aa3de3ed14e72de78345911d8ac5855fa083aa4f78e3?s=96&d=mm&r=g","contentUrl":"https:\/\/secure.gravatar.com\/avatar\/6baddd41ade89ab65d95aa3de3ed14e72de78345911d8ac5855fa083aa4f78e3?s=96&d=mm&r=g","caption":"Carlos"},"url":"https:\/\/www.fragadis.es\/es\/author\/carlos\/"}]}},"_links":{"self":[{"href":"https:\/\/www.fragadis.es\/es\/wp-json\/wp\/v2\/posts\/24507","targetHints":{"allow":["GET"]}}],"collection":[{"href":"https:\/\/www.fragadis.es\/es\/wp-json\/wp\/v2\/posts"}],"about":[{"href":"https:\/\/www.fragadis.es\/es\/wp-json\/wp\/v2\/types\/post"}],"author":[{"embeddable":true,"href":"https:\/\/www.fragadis.es\/es\/wp-json\/wp\/v2\/users\/3"}],"replies":[{"embeddable":true,"href":"https:\/\/www.fragadis.es\/es\/wp-json\/wp\/v2\/comments?post=24507"}],"version-history":[{"count":7,"href":"https:\/\/www.fragadis.es\/es\/wp-json\/wp\/v2\/posts\/24507\/revisions"}],"predecessor-version":[{"id":24566,"href":"https:\/\/www.fragadis.es\/es\/wp-json\/wp\/v2\/posts\/24507\/revisions\/24566"}],"wp:featuredmedia":[{"embeddable":true,"href":"https:\/\/www.fragadis.es\/es\/wp-json\/wp\/v2\/media\/24963"}],"wp:attachment":[{"href":"https:\/\/www.fragadis.es\/es\/wp-json\/wp\/v2\/media?parent=24507"}],"wp:term":[{"taxonomy":"category","embeddable":true,"href":"https:\/\/www.fragadis.es\/es\/wp-json\/wp\/v2\/categories?post=24507"},{"taxonomy":"post_tag","embeddable":true,"href":"https:\/\/www.fragadis.es\/es\/wp-json\/wp\/v2\/tags?post=24507"}],"curies":[{"name":"wp","href":"https:\/\/api.w.org\/{rel}","templated":true}]}}